{"id":655,"date":"2020-04-15T09:19:03","date_gmt":"2020-04-15T09:19:03","guid":{"rendered":"http:\/\/slowlife.ludwigmuseum.hu\/?p=655"},"modified":"2020-10-07T14:48:19","modified_gmt":"2020-10-07T14:48:19","slug":"https-ludwigmuseum-blog-hu-2020-03-28-egy_kiallitas_amely_a_jovobe_latott_es_a_jelenre_tapintott","status":"publish","type":"post","link":"https:\/\/slowlife.ludwigmuseum.hu\/de\/talk_slow\/https-ludwigmuseum-blog-hu-2020-03-28-egy_kiallitas_amely_a_jovobe_latott_es_a_jelenre_tapintott\/","title":{"rendered":"Eine Ausstellung, die in die Zukunft blickt und die Gegenwart ber\u00fchrt. Interview mit Vikt\u00f3ria Popovics"},"content":{"rendered":"<p><a href=\"https:\/\/ludwigmuseum.blog.hu\/2020\/03\/28\/egy_kiallitas_amely_a_jovobe_latott_es_a_jelenre_tapintott\"><img loading=\"lazy\" decoding=\"async\" class=\"alignnone size-full wp-image-922\" src=\"http:\/\/slowlife.ludwigmuseum.hu\/wp-content\/uploads\/2020\/04\/viki-blog-lead.jpg\" alt=\"\" width=\"788\" height=\"514\" srcset=\"https:\/\/slowlife.ludwigmuseum.hu\/wp-content\/uploads\/2020\/04\/viki-blog-lead.jpg 788w, https:\/\/slowlife.ludwigmuseum.hu\/wp-content\/uploads\/2020\/04\/viki-blog-lead-768x501.jpg 768w\" sizes=\"auto, (max-width: 788px) 100vw, 788px\" \/><\/a><\/p>\n<p>Im <a href=\"https:\/\/ludwigmuseum.blog.hu\/2020\/03\/28\/egy_kiallitas_amely_a_jovobe_latott_es_a_jelenre_tapintott\">Interview<\/a> spricht Vikt\u00f3ria Popovics \u00fcber die Ausstellung \u201eSLOW LIFE \u2013 Radikale Praktiken des Alltags\u201c (Nur auf Ungarisch vorhanden)<\/p>","protected":false},"excerpt":{"rendered":"<p>Im Interview spricht Vikt\u00f3ria Popovics \u00fcber die Ausstellung \u201eSLOW LIFE \u2013 Radikale Praktiken des Alltags\u201c (Nur auf Ungarisch vorhanden)<\/p>\n","protected":false},"author":4,"featured_media":0,"comment_status":"open","ping_status":"open","sticky":false,"template":"","format":"standard","meta":{"footnotes":""},"categories":[12],"tags":[91,24,40],"class_list":["post-655","post","type-post","status-publish","format-standard","hentry","category-talk_slow","tag-eszkepizmus","tag-onkentes-egyszeruseg","tag-permakultura"],"yoast_head":"<!-- This site is optimized with the Yoast SEO plugin v27.2 - https:\/\/yoast.com\/product\/yoast-seo-wordpress\/ -->\n<title>Eine Ausstellung, die in die Zukunft blickt und die Gegenwart ber\u00fchrt. Interview mit Vikt\u00f3ria Popovics - SLOW LIFE.<\/title>\n<meta name=\"robots\" content=\"index, follow, max-snippet:-1, max-image-preview:large, max-video-preview:-1\" \/>\n<link rel=\"canonical\" href=\"https:\/\/slowlife.ludwigmuseum.hu\/talk_slow\/https-ludwigmuseum-blog-hu-2020-03-28-egy_kiallitas_amely_a_jovobe_latott_es_a_jelenre_tapintott\/\" \/>\n<meta property=\"og:locale\" content=\"de_DE\" \/>\n<meta property=\"og:type\" content=\"article\" \/>\n<meta property=\"og:title\" content=\"[:hu]Egy ki\u00e1ll\u00edt\u00e1s, amely a j\u00f6v\u0151be l\u00e1tott \u00e9s a jelenre tapintott. Interj\u00fa Popovics Vikt\u00f3ria kur\u00e1tottal \u00e9s a ki\u00e1ll\u00edt\u00e1s \u00f6tletgazd\u00e1j\u00e1val[:en]An exhibition that looks in the future and touches upon present. Interview with Vikt\u00f3ria Popovics[:de]Eine Ausstellung, die in die Zukunft blickt und die Gegenwart ber\u00fchrt. Interview mit Vikt\u00f3ria Popovics[:] - SLOW LIFE.\" \/>\n<meta property=\"og:description\" content=\"Im Interview spricht Vikt\u00f3ria Popovics \u00fcber die Ausstellung \u201eSLOW LIFE \u2013 Radikale Praktiken des Alltags\u201c (Nur auf Ungarisch vorhanden)\" \/>\n<meta property=\"og:url\" content=\"https:\/\/slowlife.ludwigmuseum.hu\/talk_slow\/https-ludwigmuseum-blog-hu-2020-03-28-egy_kiallitas_amely_a_jovobe_latott_es_a_jelenre_tapintott\/\" \/>\n<meta property=\"og:site_name\" content=\"SLOW LIFE.\" \/>\n<meta property=\"article:published_time\" content=\"2020-04-15T09:19:03+00:00\" \/>\n<meta property=\"article:modified_time\" content=\"2020-10-07T14:48:19+00:00\" \/>\n<meta property=\"og:image\" content=\"http:\/\/slowlife.ludwigmuseum.hu\/wp-content\/uploads\/2020\/04\/viki-blog-lead.jpg\" \/>\n<meta name=\"twitter:card\" content=\"summary_large_image\" \/>\n<meta name=\"twitter:label1\" content=\"Verfasst von\" \/>\n\t<meta name=\"twitter:data1\" content=\"\" \/>\n<script type=\"application\/ld+json\" class=\"yoast-schema-graph\">{\"@context\":\"https:\/\/schema.org\",\"@graph\":[{\"@type\":\"Article\",\"@id\":\"https:\/\/slowlife.ludwigmuseum.hu\/talk_slow\/https-ludwigmuseum-blog-hu-2020-03-28-egy_kiallitas_amely_a_jovobe_latott_es_a_jelenre_tapintott\/#article\",\"isPartOf\":{\"@id\":\"https:\/\/slowlife.ludwigmuseum.hu\/talk_slow\/https-ludwigmuseum-blog-hu-2020-03-28-egy_kiallitas_amely_a_jovobe_latott_es_a_jelenre_tapintott\/\"},\"author\":{\"name\":\"\",\"@id\":\"\"},\"headline\":\"Eine Ausstellung, die in die Zukunft blickt und die Gegenwart ber\u00fchrt. Interview mit Vikt\u00f3ria Popovics\",\"datePublished\":\"2020-04-15T09:19:03+00:00\",\"dateModified\":\"2020-10-07T14:48:19+00:00\",\"mainEntityOfPage\":{\"@id\":\"https:\/\/slowlife.ludwigmuseum.hu\/talk_slow\/https-ludwigmuseum-blog-hu-2020-03-28-egy_kiallitas_amely_a_jovobe_latott_es_a_jelenre_tapintott\/\"},\"wordCount\":143,\"commentCount\":0,\"image\":{\"@id\":\"https:\/\/slowlife.ludwigmuseum.hu\/talk_slow\/https-ludwigmuseum-blog-hu-2020-03-28-egy_kiallitas_amely_a_jovobe_latott_es_a_jelenre_tapintott\/#primaryimage\"},\"thumbnailUrl\":\"http:\/\/slowlife.ludwigmuseum.hu\/wp-content\/uploads\/2020\/04\/viki-blog-lead.jpg\",\"keywords\":[\"eszk\u00e9pizmus\",\"\u00f6nk\u00e9ntes egyszer\u0171s\u00e9g\",\"permakult\u00fara\"],\"articleSection\":[\"Talk Slow\"],\"inLanguage\":\"de\",\"potentialAction\":[{\"@type\":\"CommentAction\",\"name\":\"Comment\",\"target\":[\"https:\/\/slowlife.ludwigmuseum.hu\/talk_slow\/https-ludwigmuseum-blog-hu-2020-03-28-egy_kiallitas_amely_a_jovobe_latott_es_a_jelenre_tapintott\/#respond\"]}]},{\"@type\":\"WebPage\",\"@id\":\"https:\/\/slowlife.ludwigmuseum.hu\/talk_slow\/https-ludwigmuseum-blog-hu-2020-03-28-egy_kiallitas_amely_a_jovobe_latott_es_a_jelenre_tapintott\/\",\"url\":\"https:\/\/slowlife.ludwigmuseum.hu\/talk_slow\/https-ludwigmuseum-blog-hu-2020-03-28-egy_kiallitas_amely_a_jovobe_latott_es_a_jelenre_tapintott\/\",\"name\":\"[:hu]Egy ki\u00e1ll\u00edt\u00e1s, amely a j\u00f6v\u0151be l\u00e1tott \u00e9s a jelenre tapintott. Interj\u00fa Popovics Vikt\u00f3ria kur\u00e1tottal \u00e9s a ki\u00e1ll\u00edt\u00e1s \u00f6tletgazd\u00e1j\u00e1val[:en]An exhibition that looks in the future and touches upon present. Interview with Vikt\u00f3ria Popovics[:de]Eine Ausstellung, die in die Zukunft blickt und die Gegenwart ber\u00fchrt. Interview mit Vikt\u00f3ria Popovics[:] - SLOW LIFE.\",\"isPartOf\":{\"@id\":\"https:\/\/slowlife.ludwigmuseum.hu\/de\/#website\"},\"primaryImageOfPage\":{\"@id\":\"https:\/\/slowlife.ludwigmuseum.hu\/talk_slow\/https-ludwigmuseum-blog-hu-2020-03-28-egy_kiallitas_amely_a_jovobe_latott_es_a_jelenre_tapintott\/#primaryimage\"},\"image\":{\"@id\":\"https:\/\/slowlife.ludwigmuseum.hu\/talk_slow\/https-ludwigmuseum-blog-hu-2020-03-28-egy_kiallitas_amely_a_jovobe_latott_es_a_jelenre_tapintott\/#primaryimage\"},\"thumbnailUrl\":\"http:\/\/slowlife.ludwigmuseum.hu\/wp-content\/uploads\/2020\/04\/viki-blog-lead.jpg\",\"datePublished\":\"2020-04-15T09:19:03+00:00\",\"dateModified\":\"2020-10-07T14:48:19+00:00\",\"author\":{\"@id\":\"\"},\"breadcrumb\":{\"@id\":\"https:\/\/slowlife.ludwigmuseum.hu\/talk_slow\/https-ludwigmuseum-blog-hu-2020-03-28-egy_kiallitas_amely_a_jovobe_latott_es_a_jelenre_tapintott\/#breadcrumb\"},\"inLanguage\":\"de\",\"potentialAction\":[{\"@type\":\"ReadAction\",\"target\":[\"https:\/\/slowlife.ludwigmuseum.hu\/talk_slow\/https-ludwigmuseum-blog-hu-2020-03-28-egy_kiallitas_amely_a_jovobe_latott_es_a_jelenre_tapintott\/\"]}]},{\"@type\":\"ImageObject\",\"inLanguage\":\"de\",\"@id\":\"https:\/\/slowlife.ludwigmuseum.hu\/talk_slow\/https-ludwigmuseum-blog-hu-2020-03-28-egy_kiallitas_amely_a_jovobe_latott_es_a_jelenre_tapintott\/#primaryimage\",\"url\":\"http:\/\/slowlife.ludwigmuseum.hu\/wp-content\/uploads\/2020\/04\/viki-blog-lead.jpg\",\"contentUrl\":\"http:\/\/slowlife.ludwigmuseum.hu\/wp-content\/uploads\/2020\/04\/viki-blog-lead.jpg\"},{\"@type\":\"BreadcrumbList\",\"@id\":\"https:\/\/slowlife.ludwigmuseum.hu\/talk_slow\/https-ludwigmuseum-blog-hu-2020-03-28-egy_kiallitas_amely_a_jovobe_latott_es_a_jelenre_tapintott\/#breadcrumb\",\"itemListElement\":[{\"@type\":\"ListItem\",\"position\":1,\"name\":\"Home\",\"item\":\"https:\/\/slowlife.ludwigmuseum.hu\/de\/\"},{\"@type\":\"ListItem\",\"position\":2,\"name\":\"Egy ki\u00e1ll\u00edt\u00e1s, amely a j\u00f6v\u0151be l\u00e1tott \u00e9s a jelenre tapintott. Interj\u00fa Popovics Vikt\u00f3ria kur\u00e1tottal \u00e9s a ki\u00e1ll\u00edt\u00e1s \u00f6tletgazd\u00e1j\u00e1val\"}]},{\"@type\":\"WebSite\",\"@id\":\"https:\/\/slowlife.ludwigmuseum.hu\/de\/#website\",\"url\":\"https:\/\/slowlife.ludwigmuseum.hu\/de\/\",\"name\":\"SLOW LIFE.\",\"description\":\"Radikale Praktiken des Alltags\",\"potentialAction\":[{\"@type\":\"SearchAction\",\"target\":{\"@type\":\"EntryPoint\",\"urlTemplate\":\"https:\/\/slowlife.ludwigmuseum.hu\/de\/?s={search_term_string}\"},\"query-input\":{\"@type\":\"PropertyValueSpecification\",\"valueRequired\":true,\"valueName\":\"search_term_string\"}}],\"inLanguage\":\"de\"},{\"@type\":\"Person\",\"@id\":\"\",\"url\":\"https:\/\/slowlife.ludwigmuseum.hu\/de\/author\/\"}]}<\/script>\n<!-- \/ Yoast SEO plugin. -->","yoast_head_json":{"title":"[:hu]Egy ki\u00e1ll\u00edt\u00e1s, amely a j\u00f6v\u0151be l\u00e1tott \u00e9s a jelenre tapintott. Interj\u00fa Popovics Vikt\u00f3ria kur\u00e1tottal \u00e9s a ki\u00e1ll\u00edt\u00e1s \u00f6tletgazd\u00e1j\u00e1val[:en]An exhibition that looks in the future and touches upon present. Interview with Vikt\u00f3ria Popovics[:de]Eine Ausstellung, die in die Zukunft blickt und die Gegenwart ber\u00fchrt. Interview mit Vikt\u00f3ria Popovics[:] - SLOW LIFE.","robots":{"index":"index","follow":"follow","max-snippet":"max-snippet:-1","max-image-preview":"max-image-preview:large","max-video-preview":"max-video-preview:-1"},"canonical":"https:\/\/slowlife.ludwigmuseum.hu\/talk_slow\/https-ludwigmuseum-blog-hu-2020-03-28-egy_kiallitas_amely_a_jovobe_latott_es_a_jelenre_tapintott\/","og_locale":"de_DE","og_type":"article","og_title":"[:hu]Egy ki\u00e1ll\u00edt\u00e1s, amely a j\u00f6v\u0151be l\u00e1tott \u00e9s a jelenre tapintott. Interj\u00fa Popovics Vikt\u00f3ria kur\u00e1tottal \u00e9s a ki\u00e1ll\u00edt\u00e1s \u00f6tletgazd\u00e1j\u00e1val[:en]An exhibition that looks in the future and touches upon present. Interview with Vikt\u00f3ria Popovics[:de]Eine Ausstellung, die in die Zukunft blickt und die Gegenwart ber\u00fchrt. Interview mit Vikt\u00f3ria Popovics[:] - SLOW LIFE.","og_description":"Im Interview spricht Vikt\u00f3ria Popovics \u00fcber die Ausstellung \u201eSLOW LIFE \u2013 Radikale Praktiken des Alltags\u201c (Nur auf Ungarisch vorhanden)","og_url":"https:\/\/slowlife.ludwigmuseum.hu\/talk_slow\/https-ludwigmuseum-blog-hu-2020-03-28-egy_kiallitas_amely_a_jovobe_latott_es_a_jelenre_tapintott\/","og_site_name":"SLOW LIFE.","article_published_time":"2020-04-15T09:19:03+00:00","article_modified_time":"2020-10-07T14:48:19+00:00","og_image":[{"url":"http:\/\/slowlife.ludwigmuseum.hu\/wp-content\/uploads\/2020\/04\/viki-blog-lead.jpg","type":"","width":"","height":""}],"twitter_card":"summary_large_image","twitter_misc":{"Verfasst von":""},"schema":{"@context":"https:\/\/schema.org","@graph":[{"@type":"Article","@id":"https:\/\/slowlife.ludwigmuseum.hu\/talk_slow\/https-ludwigmuseum-blog-hu-2020-03-28-egy_kiallitas_amely_a_jovobe_latott_es_a_jelenre_tapintott\/#article","isPartOf":{"@id":"https:\/\/slowlife.ludwigmuseum.hu\/talk_slow\/https-ludwigmuseum-blog-hu-2020-03-28-egy_kiallitas_amely_a_jovobe_latott_es_a_jelenre_tapintott\/"},"author":{"name":"","@id":""},"headline":"Eine Ausstellung, die in die Zukunft blickt und die Gegenwart ber\u00fchrt. Interview mit Vikt\u00f3ria Popovics","datePublished":"2020-04-15T09:19:03+00:00","dateModified":"2020-10-07T14:48:19+00:00","mainEntityOfPage":{"@id":"https:\/\/slowlife.ludwigmuseum.hu\/talk_slow\/https-ludwigmuseum-blog-hu-2020-03-28-egy_kiallitas_amely_a_jovobe_latott_es_a_jelenre_tapintott\/"},"wordCount":143,"commentCount":0,"image":{"@id":"https:\/\/slowlife.ludwigmuseum.hu\/talk_slow\/https-ludwigmuseum-blog-hu-2020-03-28-egy_kiallitas_amely_a_jovobe_latott_es_a_jelenre_tapintott\/#primaryimage"},"thumbnailUrl":"http:\/\/slowlife.ludwigmuseum.hu\/wp-content\/uploads\/2020\/04\/viki-blog-lead.jpg","keywords":["eszk\u00e9pizmus","\u00f6nk\u00e9ntes egyszer\u0171s\u00e9g","permakult\u00fara"],"articleSection":["Talk Slow"],"inLanguage":"de","potentialAction":[{"@type":"CommentAction","name":"Comment","target":["https:\/\/slowlife.ludwigmuseum.hu\/talk_slow\/https-ludwigmuseum-blog-hu-2020-03-28-egy_kiallitas_amely_a_jovobe_latott_es_a_jelenre_tapintott\/#respond"]}]},{"@type":"WebPage","@id":"https:\/\/slowlife.ludwigmuseum.hu\/talk_slow\/https-ludwigmuseum-blog-hu-2020-03-28-egy_kiallitas_amely_a_jovobe_latott_es_a_jelenre_tapintott\/","url":"https:\/\/slowlife.ludwigmuseum.hu\/talk_slow\/https-ludwigmuseum-blog-hu-2020-03-28-egy_kiallitas_amely_a_jovobe_latott_es_a_jelenre_tapintott\/","name":"[:hu]Egy ki\u00e1ll\u00edt\u00e1s, amely a j\u00f6v\u0151be l\u00e1tott \u00e9s a jelenre tapintott. Interj\u00fa Popovics Vikt\u00f3ria kur\u00e1tottal \u00e9s a ki\u00e1ll\u00edt\u00e1s \u00f6tletgazd\u00e1j\u00e1val[:en]An exhibition that looks in the future and touches upon present. Interview with Vikt\u00f3ria Popovics[:de]Eine Ausstellung, die in die Zukunft blickt und die Gegenwart ber\u00fchrt. Interview mit Vikt\u00f3ria Popovics[:] - SLOW LIFE.","isPartOf":{"@id":"https:\/\/slowlife.ludwigmuseum.hu\/de\/#website"},"primaryImageOfPage":{"@id":"https:\/\/slowlife.ludwigmuseum.hu\/talk_slow\/https-ludwigmuseum-blog-hu-2020-03-28-egy_kiallitas_amely_a_jovobe_latott_es_a_jelenre_tapintott\/#primaryimage"},"image":{"@id":"https:\/\/slowlife.ludwigmuseum.hu\/talk_slow\/https-ludwigmuseum-blog-hu-2020-03-28-egy_kiallitas_amely_a_jovobe_latott_es_a_jelenre_tapintott\/#primaryimage"},"thumbnailUrl":"http:\/\/slowlife.ludwigmuseum.hu\/wp-content\/uploads\/2020\/04\/viki-blog-lead.jpg","datePublished":"2020-04-15T09:19:03+00:00","dateModified":"2020-10-07T14:48:19+00:00","author":{"@id":""},"breadcrumb":{"@id":"https:\/\/slowlife.ludwigmuseum.hu\/talk_slow\/https-ludwigmuseum-blog-hu-2020-03-28-egy_kiallitas_amely_a_jovobe_latott_es_a_jelenre_tapintott\/#breadcrumb"},"inLanguage":"de","potentialAction":[{"@type":"ReadAction","target":["https:\/\/slowlife.ludwigmuseum.hu\/talk_slow\/https-ludwigmuseum-blog-hu-2020-03-28-egy_kiallitas_amely_a_jovobe_latott_es_a_jelenre_tapintott\/"]}]},{"@type":"ImageObject","inLanguage":"de","@id":"https:\/\/slowlife.ludwigmuseum.hu\/talk_slow\/https-ludwigmuseum-blog-hu-2020-03-28-egy_kiallitas_amely_a_jovobe_latott_es_a_jelenre_tapintott\/#primaryimage","url":"http:\/\/slowlife.ludwigmuseum.hu\/wp-content\/uploads\/2020\/04\/viki-blog-lead.jpg","contentUrl":"http:\/\/slowlife.ludwigmuseum.hu\/wp-content\/uploads\/2020\/04\/viki-blog-lead.jpg"},{"@type":"BreadcrumbList","@id":"https:\/\/slowlife.ludwigmuseum.hu\/talk_slow\/https-ludwigmuseum-blog-hu-2020-03-28-egy_kiallitas_amely_a_jovobe_latott_es_a_jelenre_tapintott\/#breadcrumb","itemListElement":[{"@type":"ListItem","position":1,"name":"Home","item":"https:\/\/slowlife.ludwigmuseum.hu\/de\/"},{"@type":"ListItem","position":2,"name":"Egy ki\u00e1ll\u00edt\u00e1s, amely a j\u00f6v\u0151be l\u00e1tott \u00e9s a jelenre tapintott. Interj\u00fa Popovics Vikt\u00f3ria kur\u00e1tottal \u00e9s a ki\u00e1ll\u00edt\u00e1s \u00f6tletgazd\u00e1j\u00e1val"}]},{"@type":"WebSite","@id":"https:\/\/slowlife.ludwigmuseum.hu\/de\/#website","url":"https:\/\/slowlife.ludwigmuseum.hu\/de\/","name":"SLOW LIFE.","description":"Radikale Praktiken des Alltags","potentialAction":[{"@type":"SearchAction","target":{"@type":"EntryPoint","urlTemplate":"https:\/\/slowlife.ludwigmuseum.hu\/de\/?s={search_term_string}"},"query-input":{"@type":"PropertyValueSpecification","valueRequired":true,"valueName":"search_term_string"}}],"inLanguage":"de"},{"@type":"Person","@id":"","url":"https:\/\/slowlife.ludwigmuseum.hu\/de\/author\/"}]}},"_links":{"self":[{"href":"https:\/\/slowlife.ludwigmuseum.hu\/de\/wp-json\/wp\/v2\/posts\/655","targetHints":{"allow":["GET"]}}],"collection":[{"href":"https:\/\/slowlife.ludwigmuseum.hu\/de\/wp-json\/wp\/v2\/posts"}],"about":[{"href":"https:\/\/slowlife.ludwigmuseum.hu\/de\/wp-json\/wp\/v2\/types\/post"}],"author":[{"embeddable":true,"href":"https:\/\/slowlife.ludwigmuseum.hu\/de\/wp-json\/wp\/v2\/users\/4"}],"replies":[{"embeddable":true,"href":"https:\/\/slowlife.ludwigmuseum.hu\/de\/wp-json\/wp\/v2\/comments?post=655"}],"version-history":[{"count":16,"href":"https:\/\/slowlife.ludwigmuseum.hu\/de\/wp-json\/wp\/v2\/posts\/655\/revisions"}],"predecessor-version":[{"id":924,"href":"https:\/\/slowlife.ludwigmuseum.hu\/de\/wp-json\/wp\/v2\/posts\/655\/revisions\/924"}],"wp:attachment":[{"href":"https:\/\/slowlife.ludwigmuseum.hu\/de\/wp-json\/wp\/v2\/media?parent=655"}],"wp:term":[{"taxonomy":"category","embeddable":true,"href":"https:\/\/slowlife.ludwigmuseum.hu\/de\/wp-json\/wp\/v2\/categories?post=655"},{"taxonomy":"post_tag","embeddable":true,"href":"https:\/\/slowlife.ludwigmuseum.hu\/de\/wp-json\/wp\/v2\/tags?post=655"}],"curies":[{"name":"wp","href":"https:\/\/api.w.org\/{rel}","templated":true}]}}