{"id":843,"date":"2020-04-25T20:36:15","date_gmt":"2020-04-25T20:36:15","guid":{"rendered":"http:\/\/slowlife.ludwigmuseum.hu\/?p=843"},"modified":"2021-07-29T10:34:10","modified_gmt":"2021-07-29T10:34:10","slug":"szep-uj-vilag-mi-lesz-a-muveszettel-a-koronavirus-utan-interju-schuller-judit-flora-kepzomuvesszel","status":"publish","type":"post","link":"https:\/\/slowlife.ludwigmuseum.hu\/de\/talk_slow\/szep-uj-vilag-mi-lesz-a-muveszettel-a-koronavirus-utan-interju-schuller-judit-flora-kepzomuvesszel\/","title":{"rendered":"Sch\u00f6ne neue Welt &#8211; Wie wird die Kunst nach COVID-19 aussehen? Ein Interview mit der K\u00fcnstlerin Judit Fl\u00f3ra Schuller"},"content":{"rendered":"<p><strong>Wie wirkt sich die Covid-19-Pandemie auf Ihre k\u00fcnstlerische Praxis und Ihr t\u00e4gliches Leben aus?<\/strong><\/p>\n<p>Neben der SLOW LIFE-Ausstellung war ich eingeladen, an einer Pesach gewidmeten Ausstellung in der Galerie 2B teilzunehmen, die von L\u00e1szl\u00f3 B\u00f6r\u00f6cz organisiert wurde und am selben Tag, dem 8. April, er\u00f6ffnet worden w\u00e4re. Da es keine M\u00f6glichkeit gab, die Ausstellung aufgrund ihres Themas zu verschieben, wurde sie leider abgesagt. Und in der ersten Maih\u00e4lfte sollte ich an einem zweiw\u00f6chigen Residenzprogramm am Balassi-Institut in Rom teilnehmen, das ich im Rahmen des MODEM-Preises erhielt, den ich im Herbst 2018 gewann. Leider konnte ich letztes Jahr nicht hingehen, und ich werde auch dieses Jahr nicht gehen k\u00f6nnen. Ich hoffe, dass ich das im Herbst nachholen kann. Um meinen Lebensunterhalt zu verdienen, arbeite ich in einem Museum, daher wird jetzt viel Alltagsarbeit neu organisiert. Ich habe das Gl\u00fcck, im Moment nicht als Freiberuflerin zu arbeiten und dieses Jahr das Derkovits-Stipendium erhalten zu haben. Doch \u00fcber die allt\u00e4gliche Existenzsicherheit hinaus ist diese Unsicherheit nat\u00fcrlich beunruhigend. Im Grunde f\u00e4llt es mir schwerer, mich zu konzentrieren, da mein Geist st\u00e4ndig besch\u00e4ftigt ist und ich mir Sorgen um meine Familie \u2013 meine Eltern arbeiten im Gesundheitswesen \u2013 und um die Menschen im Allgemeinen mache. Inzwischen werden wir mit einer riesigen Welle von Informationen \u00fcberflutet, trotz der Enge gibt es viele Online-Anregungen. Es f\u00e4llt mir jetzt schwerer, \u00fcber neue Werke nachzudenken, mich zu verlangsamen, um die F\u00e4den aufgreifen zu k\u00f6nnen, aber auf lange Sicht kann aus diesen wandernden Gedanken und Gef\u00fchlen etwas Neues entstehen. Auf der Ebene des allt\u00e4glichen Lebens ist es mir jedoch gelungen, eine intime Blase zu schaffen, die ich wirklich genie\u00dfe. Mein Terminkalender war noch nie so leer, w\u00e4hrend in meinem Inneren gerade eine Menge interner Prozesse ablaufen.<\/p>\n<p><strong>Glauben Sie, dass Sie eine andere Einstellung zum Leben und zur Kunst haben werden, wenn diese Krise vorbei ist?<\/strong><\/p>\n<p>Das ist aufgrund der aktuellen Situation schwer vorherzusagen. Im Grunde denke ich, ja, es wird sich f\u00fcr eine gute Weile vieles \u00e4ndern. Es ist schwer zu sagen, wie lange es dauern wird, bis die Dinge wieder in den Zustand vor dem Coronavirus zur\u00fcckkehren. Wenn man fr\u00fchere kollektive Ver\u00e4nderungen und Traumata in Betracht zieht, kann es sein, dass wir relativ bald t\u00e4glich zur Normalit\u00e4t in unser Leben zur\u00fcckkehren, aber wir werden mehr Zeit und Abstand brauchen, um \u00fcber das Geschehene nachzudenken.<\/p>\n<p><strong>In welcher Weise hat dieses Virus Ihrer Meinung nach unser Leben grundlegend ver\u00e4ndert oder hat es unser Leben \u00fcberhaupt ver\u00e4ndert? Was k\u00f6nnen wir daraus lernen?<\/strong><\/p>\n<p>Ich m\u00f6chte dazu keine &#8222;gro\u00dfen&#8220; Aussagen machen. Vieles hat sich in den letzten Monaten um uns herum ver\u00e4ndert und ver\u00e4ndert sich immer noch. Niemand kann dem entkommen, jeder erlebt es auf privater Ebene, aber von nun an ist es unvermeidlich, dass wir uns als Einzelne um das gr\u00f6\u00dfere Ganze k\u00fcmmern. Unser derzeit reduzierter Lebensraum und unsere geringere Aktivit\u00e4t werden wahrscheinlich viele Menschen zu einem minimalistischeren Lebensstil f\u00fchren.<\/p>\n<p><strong>Glauben Sie, dass die Kunst die Mittel hat, gesellschaftliche Ver\u00e4nderungen zu bewirken? Und wenn ja, auf welche Weise?<\/strong><\/p>\n<p>Kunst hat schon immer \u00fcber das Leben reflektiert. Ob diese Reflexion provozierend, laut, tiefgreifend, kritisch oder einfach &#8222;leise&#8220; ist, h\u00e4ngt vom K\u00fcnstler, von der geleisteten Arbeit und vom Medium oder Kanal der Vermittlung ab. Wenn uns etwas zeitlich und in diesem Fall auch physisch so nahe ist, f\u00e4llt es mir immer schwer, mich daran durch Kunst zu n\u00e4hern \u2013 auch als Betrachter. Ich denke, das braucht in vielen F\u00e4llen Zeit und Distanz.<\/p>\n<figure id=\"attachment_367\" aria-describedby=\"caption-attachment-367\" style=\"width: 800px\" class=\"wp-caption alignnone\"><img loading=\"lazy\" decoding=\"async\" class=\"size-medium wp-image-367\" src=\"http:\/\/slowlife.ludwigmuseum.hu\/wp-content\/uploads\/2020\/04\/S7A7726-800x533.jpg\" alt=\"\" width=\"800\" height=\"533\" srcset=\"https:\/\/slowlife.ludwigmuseum.hu\/wp-content\/uploads\/2020\/04\/S7A7726-800x533.jpg 800w, https:\/\/slowlife.ludwigmuseum.hu\/wp-content\/uploads\/2020\/04\/S7A7726-1250x833.jpg 1250w, https:\/\/slowlife.ludwigmuseum.hu\/wp-content\/uploads\/2020\/04\/S7A7726-768x512.jpg 768w, https:\/\/slowlife.ludwigmuseum.hu\/wp-content\/uploads\/2020\/04\/S7A7726-1536x1024.jpg 1536w, https:\/\/slowlife.ludwigmuseum.hu\/wp-content\/uploads\/2020\/04\/S7A7726-1200x800.jpg 1200w, https:\/\/slowlife.ludwigmuseum.hu\/wp-content\/uploads\/2020\/04\/S7A7726-1980x1320.jpg 1980w, https:\/\/slowlife.ludwigmuseum.hu\/wp-content\/uploads\/2020\/04\/S7A7726-300x200.jpg 300w, https:\/\/slowlife.ludwigmuseum.hu\/wp-content\/uploads\/2020\/04\/S7A7726-1024x683.jpg 1024w, https:\/\/slowlife.ludwigmuseum.hu\/wp-content\/uploads\/2020\/04\/S7A7726-2048x1365.jpg 2048w\" sizes=\"auto, (max-width: 800px) 100vw, 800px\" \/><figcaption id=\"caption-attachment-367\" class=\"wp-caption-text\">Schuller Judit Fl\u00f3ra: Towards Nothingness (Walks), r\u00e9szlet a Memory Theatre sorozatb\u00f3l \/ from the series Memory Theatre, 2017.<br \/>Fot\u00f3\/Photo: B\u00edr\u00f3 D\u00e1vid<\/figcaption><\/figure>\n<p>Judit Fl\u00f3ra Schuller ist eine der K\u00fcnstlerinnen, die an unserer Ausstellung teilnehmen. Mehr \u00fcber sie erfahren Sie <a href=\"http:\/\/slowlife.ludwigmuseum.hu\/en\/artist\/schuller-judit-flora\/\">hier<\/a>.<\/p>","protected":false},"excerpt":{"rendered":"<p>Leider ist der Eintrag nur auf Magyar verf\u00fcgbar.<\/p>\n","protected":false},"author":4,"featured_media":364,"comment_status":"open","ping_status":"open","sticky":false,"template":"","format":"standard","meta":{"footnotes":""},"categories":[12],"tags":[],"class_list":["post-843","post","type-post","status-publish","format-standard","has-post-thumbnail","hentry","category-talk_slow"],"yoast_head":"<!-- This site is optimized with the Yoast SEO plugin v27.2 - https:\/\/yoast.com\/product\/yoast-seo-wordpress\/ -->\n<title>Sch\u00f6ne neue Welt - Wie wird die Kunst nach COVID-19 aussehen? Ein Interview mit der K\u00fcnstlerin Judit Fl\u00f3ra Schuller - SLOW LIFE.<\/title>\n<meta name=\"robots\" content=\"index, follow, max-snippet:-1, max-image-preview:large, max-video-preview:-1\" \/>\n<link rel=\"canonical\" href=\"https:\/\/slowlife.ludwigmuseum.hu\/talk_slow\/szep-uj-vilag-mi-lesz-a-muveszettel-a-koronavirus-utan-interju-schuller-judit-flora-kepzomuvesszel\/\" \/>\n<meta property=\"og:locale\" content=\"de_DE\" \/>\n<meta property=\"og:type\" content=\"article\" \/>\n<meta property=\"og:title\" content=\"[:hu]Sz\u00e9p \u00faj vil\u00e1g \u2013 Mi lesz a m\u0171v\u00e9szettel a koronav\u00edrus ut\u00e1n? Interj\u00fa Schuller Judit Fl\u00f3ra k\u00e9pz\u0151m\u0171v\u00e9sszel[:en]Brave new world \u2013 How will art look like after COVID-19? An Interview with artist Judit Fl\u00f3ra Schuller[:de]Sch\u00f6ne neue Welt - Wie wird die Kunst nach COVID-19 aussehen? Ein Interview mit der K\u00fcnstlerin Judit Fl\u00f3ra Schuller[:] - SLOW LIFE.\" \/>\n<meta property=\"og:description\" content=\"Leider ist der Eintrag nur auf Magyar verf\u00fcgbar.\" \/>\n<meta property=\"og:url\" content=\"https:\/\/slowlife.ludwigmuseum.hu\/talk_slow\/szep-uj-vilag-mi-lesz-a-muveszettel-a-koronavirus-utan-interju-schuller-judit-flora-kepzomuvesszel\/\" \/>\n<meta property=\"og:site_name\" content=\"SLOW LIFE.\" \/>\n<meta property=\"article:published_time\" content=\"2020-04-25T20:36:15+00:00\" \/>\n<meta property=\"article:modified_time\" content=\"2021-07-29T10:34:10+00:00\" \/>\n<meta property=\"og:image\" content=\"https:\/\/slowlife.ludwigmuseum.hu\/wp-content\/uploads\/2020\/04\/schullerjudit_towards-nothingness_2017-small-e1587547448196.jpg\" \/>\n\t<meta property=\"og:image:width\" content=\"528\" \/>\n\t<meta property=\"og:image:height\" content=\"800\" \/>\n\t<meta property=\"og:image:type\" content=\"image\/jpeg\" \/>\n<meta name=\"twitter:card\" content=\"summary_large_image\" \/>\n<meta name=\"twitter:label1\" content=\"Verfasst von\" \/>\n\t<meta name=\"twitter:data1\" content=\"\" \/>\n\t<meta name=\"twitter:label2\" content=\"Gesch\u00e4tzte Lesezeit\" \/>\n\t<meta name=\"twitter:data2\" content=\"10\u00a0Minuten\" \/>\n<script type=\"application\/ld+json\" class=\"yoast-schema-graph\">{\"@context\":\"https:\/\/schema.org\",\"@graph\":[{\"@type\":\"Article\",\"@id\":\"https:\/\/slowlife.ludwigmuseum.hu\/talk_slow\/szep-uj-vilag-mi-lesz-a-muveszettel-a-koronavirus-utan-interju-schuller-judit-flora-kepzomuvesszel\/#article\",\"isPartOf\":{\"@id\":\"https:\/\/slowlife.ludwigmuseum.hu\/talk_slow\/szep-uj-vilag-mi-lesz-a-muveszettel-a-koronavirus-utan-interju-schuller-judit-flora-kepzomuvesszel\/\"},\"author\":{\"name\":\"\",\"@id\":\"\"},\"headline\":\"Sch\u00f6ne neue Welt &#8211; Wie wird die Kunst nach COVID-19 aussehen? Ein Interview mit der K\u00fcnstlerin Judit Fl\u00f3ra Schuller\",\"datePublished\":\"2020-04-25T20:36:15+00:00\",\"dateModified\":\"2021-07-29T10:34:10+00:00\",\"mainEntityOfPage\":{\"@id\":\"https:\/\/slowlife.ludwigmuseum.hu\/talk_slow\/szep-uj-vilag-mi-lesz-a-muveszettel-a-koronavirus-utan-interju-schuller-judit-flora-kepzomuvesszel\/\"},\"wordCount\":2110,\"commentCount\":0,\"image\":{\"@id\":\"https:\/\/slowlife.ludwigmuseum.hu\/talk_slow\/szep-uj-vilag-mi-lesz-a-muveszettel-a-koronavirus-utan-interju-schuller-judit-flora-kepzomuvesszel\/#primaryimage\"},\"thumbnailUrl\":\"https:\/\/slowlife.ludwigmuseum.hu\/wp-content\/uploads\/2020\/04\/schullerjudit_towards-nothingness_2017-small-e1587547448196.jpg\",\"articleSection\":[\"Talk Slow\"],\"inLanguage\":\"de\",\"potentialAction\":[{\"@type\":\"CommentAction\",\"name\":\"Comment\",\"target\":[\"https:\/\/slowlife.ludwigmuseum.hu\/talk_slow\/szep-uj-vilag-mi-lesz-a-muveszettel-a-koronavirus-utan-interju-schuller-judit-flora-kepzomuvesszel\/#respond\"]}]},{\"@type\":\"WebPage\",\"@id\":\"https:\/\/slowlife.ludwigmuseum.hu\/talk_slow\/szep-uj-vilag-mi-lesz-a-muveszettel-a-koronavirus-utan-interju-schuller-judit-flora-kepzomuvesszel\/\",\"url\":\"https:\/\/slowlife.ludwigmuseum.hu\/talk_slow\/szep-uj-vilag-mi-lesz-a-muveszettel-a-koronavirus-utan-interju-schuller-judit-flora-kepzomuvesszel\/\",\"name\":\"[:hu]Sz\u00e9p \u00faj vil\u00e1g \u2013 Mi lesz a m\u0171v\u00e9szettel a koronav\u00edrus ut\u00e1n? Interj\u00fa Schuller Judit Fl\u00f3ra k\u00e9pz\u0151m\u0171v\u00e9sszel[:en]Brave new world \u2013 How will art look like after COVID-19? An Interview with artist Judit Fl\u00f3ra Schuller[:de]Sch\u00f6ne neue Welt - Wie wird die Kunst nach COVID-19 aussehen? Ein Interview mit der K\u00fcnstlerin Judit Fl\u00f3ra Schuller[:] - SLOW LIFE.\",\"isPartOf\":{\"@id\":\"https:\/\/slowlife.ludwigmuseum.hu\/de\/#website\"},\"primaryImageOfPage\":{\"@id\":\"https:\/\/slowlife.ludwigmuseum.hu\/talk_slow\/szep-uj-vilag-mi-lesz-a-muveszettel-a-koronavirus-utan-interju-schuller-judit-flora-kepzomuvesszel\/#primaryimage\"},\"image\":{\"@id\":\"https:\/\/slowlife.ludwigmuseum.hu\/talk_slow\/szep-uj-vilag-mi-lesz-a-muveszettel-a-koronavirus-utan-interju-schuller-judit-flora-kepzomuvesszel\/#primaryimage\"},\"thumbnailUrl\":\"https:\/\/slowlife.ludwigmuseum.hu\/wp-content\/uploads\/2020\/04\/schullerjudit_towards-nothingness_2017-small-e1587547448196.jpg\",\"datePublished\":\"2020-04-25T20:36:15+00:00\",\"dateModified\":\"2021-07-29T10:34:10+00:00\",\"author\":{\"@id\":\"\"},\"breadcrumb\":{\"@id\":\"https:\/\/slowlife.ludwigmuseum.hu\/talk_slow\/szep-uj-vilag-mi-lesz-a-muveszettel-a-koronavirus-utan-interju-schuller-judit-flora-kepzomuvesszel\/#breadcrumb\"},\"inLanguage\":\"de\",\"potentialAction\":[{\"@type\":\"ReadAction\",\"target\":[\"https:\/\/slowlife.ludwigmuseum.hu\/talk_slow\/szep-uj-vilag-mi-lesz-a-muveszettel-a-koronavirus-utan-interju-schuller-judit-flora-kepzomuvesszel\/\"]}]},{\"@type\":\"ImageObject\",\"inLanguage\":\"de\",\"@id\":\"https:\/\/slowlife.ludwigmuseum.hu\/talk_slow\/szep-uj-vilag-mi-lesz-a-muveszettel-a-koronavirus-utan-interju-schuller-judit-flora-kepzomuvesszel\/#primaryimage\",\"url\":\"https:\/\/slowlife.ludwigmuseum.hu\/wp-content\/uploads\/2020\/04\/schullerjudit_towards-nothingness_2017-small-e1587547448196.jpg\",\"contentUrl\":\"https:\/\/slowlife.ludwigmuseum.hu\/wp-content\/uploads\/2020\/04\/schullerjudit_towards-nothingness_2017-small-e1587547448196.jpg\",\"width\":528,\"height\":800,\"caption\":\"Schuller Judit Fl\u00f3ra: Towards Nothingness (Walks), r\u00e9szlet a Memory Theatre sorozatb\u00f3l \/ from the series Memory Theatre, 2017\"},{\"@type\":\"BreadcrumbList\",\"@id\":\"https:\/\/slowlife.ludwigmuseum.hu\/talk_slow\/szep-uj-vilag-mi-lesz-a-muveszettel-a-koronavirus-utan-interju-schuller-judit-flora-kepzomuvesszel\/#breadcrumb\",\"itemListElement\":[{\"@type\":\"ListItem\",\"position\":1,\"name\":\"Home\",\"item\":\"https:\/\/slowlife.ludwigmuseum.hu\/de\/\"},{\"@type\":\"ListItem\",\"position\":2,\"name\":\"Sz\u00e9p \u00faj vil\u00e1g \u2013 Mi lesz a m\u0171v\u00e9szettel a koronav\u00edrus ut\u00e1n? Interj\u00fa Schuller Judit Fl\u00f3ra k\u00e9pz\u0151m\u0171v\u00e9sszel\"}]},{\"@type\":\"WebSite\",\"@id\":\"https:\/\/slowlife.ludwigmuseum.hu\/de\/#website\",\"url\":\"https:\/\/slowlife.ludwigmuseum.hu\/de\/\",\"name\":\"SLOW LIFE.\",\"description\":\"Radikale Praktiken des Alltags\",\"potentialAction\":[{\"@type\":\"SearchAction\",\"target\":{\"@type\":\"EntryPoint\",\"urlTemplate\":\"https:\/\/slowlife.ludwigmuseum.hu\/de\/?s={search_term_string}\"},\"query-input\":{\"@type\":\"PropertyValueSpecification\",\"valueRequired\":true,\"valueName\":\"search_term_string\"}}],\"inLanguage\":\"de\"},{\"@type\":\"Person\",\"@id\":\"\",\"url\":\"https:\/\/slowlife.ludwigmuseum.hu\/de\/author\/\"}]}<\/script>\n<!-- \/ Yoast SEO plugin. -->","yoast_head_json":{"title":"[:hu]Sz\u00e9p \u00faj vil\u00e1g \u2013 Mi lesz a m\u0171v\u00e9szettel a koronav\u00edrus ut\u00e1n? Interj\u00fa Schuller Judit Fl\u00f3ra k\u00e9pz\u0151m\u0171v\u00e9sszel[:en]Brave new world \u2013 How will art look like after COVID-19? An Interview with artist Judit Fl\u00f3ra Schuller[:de]Sch\u00f6ne neue Welt - Wie wird die Kunst nach COVID-19 aussehen? Ein Interview mit der K\u00fcnstlerin Judit Fl\u00f3ra Schuller[:] - SLOW LIFE.","robots":{"index":"index","follow":"follow","max-snippet":"max-snippet:-1","max-image-preview":"max-image-preview:large","max-video-preview":"max-video-preview:-1"},"canonical":"https:\/\/slowlife.ludwigmuseum.hu\/talk_slow\/szep-uj-vilag-mi-lesz-a-muveszettel-a-koronavirus-utan-interju-schuller-judit-flora-kepzomuvesszel\/","og_locale":"de_DE","og_type":"article","og_title":"[:hu]Sz\u00e9p \u00faj vil\u00e1g \u2013 Mi lesz a m\u0171v\u00e9szettel a koronav\u00edrus ut\u00e1n? Interj\u00fa Schuller Judit Fl\u00f3ra k\u00e9pz\u0151m\u0171v\u00e9sszel[:en]Brave new world \u2013 How will art look like after COVID-19? An Interview with artist Judit Fl\u00f3ra Schuller[:de]Sch\u00f6ne neue Welt - Wie wird die Kunst nach COVID-19 aussehen? Ein Interview mit der K\u00fcnstlerin Judit Fl\u00f3ra Schuller[:] - SLOW LIFE.","og_description":"Leider ist der Eintrag nur auf Magyar verf\u00fcgbar.","og_url":"https:\/\/slowlife.ludwigmuseum.hu\/talk_slow\/szep-uj-vilag-mi-lesz-a-muveszettel-a-koronavirus-utan-interju-schuller-judit-flora-kepzomuvesszel\/","og_site_name":"SLOW LIFE.","article_published_time":"2020-04-25T20:36:15+00:00","article_modified_time":"2021-07-29T10:34:10+00:00","og_image":[{"width":528,"height":800,"url":"https:\/\/slowlife.ludwigmuseum.hu\/wp-content\/uploads\/2020\/04\/schullerjudit_towards-nothingness_2017-small-e1587547448196.jpg","type":"image\/jpeg"}],"twitter_card":"summary_large_image","twitter_misc":{"Verfasst von":"","Gesch\u00e4tzte Lesezeit":"10\u00a0Minuten"},"schema":{"@context":"https:\/\/schema.org","@graph":[{"@type":"Article","@id":"https:\/\/slowlife.ludwigmuseum.hu\/talk_slow\/szep-uj-vilag-mi-lesz-a-muveszettel-a-koronavirus-utan-interju-schuller-judit-flora-kepzomuvesszel\/#article","isPartOf":{"@id":"https:\/\/slowlife.ludwigmuseum.hu\/talk_slow\/szep-uj-vilag-mi-lesz-a-muveszettel-a-koronavirus-utan-interju-schuller-judit-flora-kepzomuvesszel\/"},"author":{"name":"","@id":""},"headline":"Sch\u00f6ne neue Welt &#8211; Wie wird die Kunst nach COVID-19 aussehen? Ein Interview mit der K\u00fcnstlerin Judit Fl\u00f3ra Schuller","datePublished":"2020-04-25T20:36:15+00:00","dateModified":"2021-07-29T10:34:10+00:00","mainEntityOfPage":{"@id":"https:\/\/slowlife.ludwigmuseum.hu\/talk_slow\/szep-uj-vilag-mi-lesz-a-muveszettel-a-koronavirus-utan-interju-schuller-judit-flora-kepzomuvesszel\/"},"wordCount":2110,"commentCount":0,"image":{"@id":"https:\/\/slowlife.ludwigmuseum.hu\/talk_slow\/szep-uj-vilag-mi-lesz-a-muveszettel-a-koronavirus-utan-interju-schuller-judit-flora-kepzomuvesszel\/#primaryimage"},"thumbnailUrl":"https:\/\/slowlife.ludwigmuseum.hu\/wp-content\/uploads\/2020\/04\/schullerjudit_towards-nothingness_2017-small-e1587547448196.jpg","articleSection":["Talk Slow"],"inLanguage":"de","potentialAction":[{"@type":"CommentAction","name":"Comment","target":["https:\/\/slowlife.ludwigmuseum.hu\/talk_slow\/szep-uj-vilag-mi-lesz-a-muveszettel-a-koronavirus-utan-interju-schuller-judit-flora-kepzomuvesszel\/#respond"]}]},{"@type":"WebPage","@id":"https:\/\/slowlife.ludwigmuseum.hu\/talk_slow\/szep-uj-vilag-mi-lesz-a-muveszettel-a-koronavirus-utan-interju-schuller-judit-flora-kepzomuvesszel\/","url":"https:\/\/slowlife.ludwigmuseum.hu\/talk_slow\/szep-uj-vilag-mi-lesz-a-muveszettel-a-koronavirus-utan-interju-schuller-judit-flora-kepzomuvesszel\/","name":"[:hu]Sz\u00e9p \u00faj vil\u00e1g \u2013 Mi lesz a m\u0171v\u00e9szettel a koronav\u00edrus ut\u00e1n? Interj\u00fa Schuller Judit Fl\u00f3ra k\u00e9pz\u0151m\u0171v\u00e9sszel[:en]Brave new world \u2013 How will art look like after COVID-19? An Interview with artist Judit Fl\u00f3ra Schuller[:de]Sch\u00f6ne neue Welt - Wie wird die Kunst nach COVID-19 aussehen? Ein Interview mit der K\u00fcnstlerin Judit Fl\u00f3ra Schuller[:] - SLOW LIFE.","isPartOf":{"@id":"https:\/\/slowlife.ludwigmuseum.hu\/de\/#website"},"primaryImageOfPage":{"@id":"https:\/\/slowlife.ludwigmuseum.hu\/talk_slow\/szep-uj-vilag-mi-lesz-a-muveszettel-a-koronavirus-utan-interju-schuller-judit-flora-kepzomuvesszel\/#primaryimage"},"image":{"@id":"https:\/\/slowlife.ludwigmuseum.hu\/talk_slow\/szep-uj-vilag-mi-lesz-a-muveszettel-a-koronavirus-utan-interju-schuller-judit-flora-kepzomuvesszel\/#primaryimage"},"thumbnailUrl":"https:\/\/slowlife.ludwigmuseum.hu\/wp-content\/uploads\/2020\/04\/schullerjudit_towards-nothingness_2017-small-e1587547448196.jpg","datePublished":"2020-04-25T20:36:15+00:00","dateModified":"2021-07-29T10:34:10+00:00","author":{"@id":""},"breadcrumb":{"@id":"https:\/\/slowlife.ludwigmuseum.hu\/talk_slow\/szep-uj-vilag-mi-lesz-a-muveszettel-a-koronavirus-utan-interju-schuller-judit-flora-kepzomuvesszel\/#breadcrumb"},"inLanguage":"de","potentialAction":[{"@type":"ReadAction","target":["https:\/\/slowlife.ludwigmuseum.hu\/talk_slow\/szep-uj-vilag-mi-lesz-a-muveszettel-a-koronavirus-utan-interju-schuller-judit-flora-kepzomuvesszel\/"]}]},{"@type":"ImageObject","inLanguage":"de","@id":"https:\/\/slowlife.ludwigmuseum.hu\/talk_slow\/szep-uj-vilag-mi-lesz-a-muveszettel-a-koronavirus-utan-interju-schuller-judit-flora-kepzomuvesszel\/#primaryimage","url":"https:\/\/slowlife.ludwigmuseum.hu\/wp-content\/uploads\/2020\/04\/schullerjudit_towards-nothingness_2017-small-e1587547448196.jpg","contentUrl":"https:\/\/slowlife.ludwigmuseum.hu\/wp-content\/uploads\/2020\/04\/schullerjudit_towards-nothingness_2017-small-e1587547448196.jpg","width":528,"height":800,"caption":"Schuller Judit Fl\u00f3ra: Towards Nothingness (Walks), r\u00e9szlet a Memory Theatre sorozatb\u00f3l \/ from the series Memory Theatre, 2017"},{"@type":"BreadcrumbList","@id":"https:\/\/slowlife.ludwigmuseum.hu\/talk_slow\/szep-uj-vilag-mi-lesz-a-muveszettel-a-koronavirus-utan-interju-schuller-judit-flora-kepzomuvesszel\/#breadcrumb","itemListElement":[{"@type":"ListItem","position":1,"name":"Home","item":"https:\/\/slowlife.ludwigmuseum.hu\/de\/"},{"@type":"ListItem","position":2,"name":"Sz\u00e9p \u00faj vil\u00e1g \u2013 Mi lesz a m\u0171v\u00e9szettel a koronav\u00edrus ut\u00e1n? Interj\u00fa Schuller Judit Fl\u00f3ra k\u00e9pz\u0151m\u0171v\u00e9sszel"}]},{"@type":"WebSite","@id":"https:\/\/slowlife.ludwigmuseum.hu\/de\/#website","url":"https:\/\/slowlife.ludwigmuseum.hu\/de\/","name":"SLOW LIFE.","description":"Radikale Praktiken des Alltags","potentialAction":[{"@type":"SearchAction","target":{"@type":"EntryPoint","urlTemplate":"https:\/\/slowlife.ludwigmuseum.hu\/de\/?s={search_term_string}"},"query-input":{"@type":"PropertyValueSpecification","valueRequired":true,"valueName":"search_term_string"}}],"inLanguage":"de"},{"@type":"Person","@id":"","url":"https:\/\/slowlife.ludwigmuseum.hu\/de\/author\/"}]}},"_links":{"self":[{"href":"https:\/\/slowlife.ludwigmuseum.hu\/de\/wp-json\/wp\/v2\/posts\/843","targetHints":{"allow":["GET"]}}],"collection":[{"href":"https:\/\/slowlife.ludwigmuseum.hu\/de\/wp-json\/wp\/v2\/posts"}],"about":[{"href":"https:\/\/slowlife.ludwigmuseum.hu\/de\/wp-json\/wp\/v2\/types\/post"}],"author":[{"embeddable":true,"href":"https:\/\/slowlife.ludwigmuseum.hu\/de\/wp-json\/wp\/v2\/users\/4"}],"replies":[{"embeddable":true,"href":"https:\/\/slowlife.ludwigmuseum.hu\/de\/wp-json\/wp\/v2\/comments?post=843"}],"version-history":[{"count":9,"href":"https:\/\/slowlife.ludwigmuseum.hu\/de\/wp-json\/wp\/v2\/posts\/843\/revisions"}],"predecessor-version":[{"id":1462,"href":"https:\/\/slowlife.ludwigmuseum.hu\/de\/wp-json\/wp\/v2\/posts\/843\/revisions\/1462"}],"wp:featuredmedia":[{"embeddable":true,"href":"https:\/\/slowlife.ludwigmuseum.hu\/de\/wp-json\/wp\/v2\/media\/364"}],"wp:attachment":[{"href":"https:\/\/slowlife.ludwigmuseum.hu\/de\/wp-json\/wp\/v2\/media?parent=843"}],"wp:term":[{"taxonomy":"category","embeddable":true,"href":"https:\/\/slowlife.ludwigmuseum.hu\/de\/wp-json\/wp\/v2\/categories?post=843"},{"taxonomy":"post_tag","embeddable":true,"href":"https:\/\/slowlife.ludwigmuseum.hu\/de\/wp-json\/wp\/v2\/tags?post=843"}],"curies":[{"name":"wp","href":"https:\/\/api.w.org\/{rel}","templated":true}]}}