{"id":796,"date":"2020-04-15T12:52:00","date_gmt":"2020-04-15T12:52:00","guid":{"rendered":"http:\/\/slowlife.ludwigmuseum.hu\/?p=796"},"modified":"2020-10-05T12:49:34","modified_gmt":"2020-10-05T12:49:34","slug":"oto-hudec-legujabb-munkajarol","status":"publish","type":"post","link":"https:\/\/slowlife.ludwigmuseum.hu\/en\/slow_motion\/oto-hudec-legujabb-munkajarol\/","title":{"rendered":"Oto Hudec&#8217;s reflection on his latest work"},"content":{"rendered":"<p>In his latest work entitled <em>We are the Garden<\/em>, Slovak artist Oto Hudec tells the story of a man and a child who live alone in a dystopian future. The broken relationship between nature and man is symbolized by a greenhouse attached to their house, which supplies their home with fresh air as a closed biosphere. While the former conditions of life ceased to exist, the most pressing feelings are isolation from society and infinite loneliness. The work is on the verge of reality and fiction; the small wooden house, the garden and the greenhouse really exist in a secluded area near Ko\u0161ice.<\/p>\n<p>In this personal tone video, the artist speaks of his feelings during the coronavirus crisis, how the dystopian world evoked in his work has become a reality, isolation from our fellow beings and strict confinement part of our everyday lives.<\/p>\n<p><iframe loading=\"lazy\" title=\"Oto Hudec&#039;s reflection on his latest work, We are the Garden, March of 2020\" width=\"580\" height=\"326\" src=\"https:\/\/www.youtube.com\/embed\/8vXMSrQC0uw?feature=oembed\" frameborder=\"0\" allow=\"accelerometer; autoplay; clipboard-write; encrypted-media; gyroscope; picture-in-picture; web-share\" referrerpolicy=\"strict-origin-when-cross-origin\" allowfullscreen><\/iframe><\/p>\n<p>&nbsp;<\/p>\n<p>&nbsp;<\/p>","protected":false},"excerpt":{"rendered":"<p>In his latest work entitled We are the Garden, Slovak artist Oto Hudec tells the story of a man and a child who live alone in a dystopian future. The broken relationship between nature and man is symbolized by a greenhouse attached to their house, which supplies their home with fresh air as a closed [&hellip;]<\/p>\n","protected":false},"author":3,"featured_media":463,"comment_status":"open","ping_status":"open","sticky":false,"template":"","format":"standard","meta":{"footnotes":""},"categories":[11],"tags":[],"class_list":["post-796","post","type-post","status-publish","format-standard","has-post-thumbnail","hentry","category-slow_motion"],"yoast_head":"<!-- This site is optimized with the Yoast SEO plugin v27.2 - https:\/\/yoast.com\/product\/yoast-seo-wordpress\/ -->\n<title>Oto Hudec&#039;s reflection on his latest work - SLOW LIFE.<\/title>\n<meta name=\"robots\" content=\"index, follow, max-snippet:-1, max-image-preview:large, max-video-preview:-1\" \/>\n<link rel=\"canonical\" href=\"https:\/\/slowlife.ludwigmuseum.hu\/slow_motion\/oto-hudec-legujabb-munkajarol\/\" \/>\n<meta property=\"og:locale\" content=\"en_US\" \/>\n<meta property=\"og:type\" content=\"article\" \/>\n<meta property=\"og:title\" content=\"[:hu]Oto Hudec leg\u00fajabb munk\u00e1j\u00e1r\u00f3l[:en]Oto Hudec&#039;s reflection on his latest work[:de]Oto Hudecs Reflexion zu seinem j\u00fcngsten Werk[:] - SLOW LIFE.\" \/>\n<meta property=\"og:description\" content=\"In his latest work entitled We are the Garden, Slovak artist Oto Hudec tells the story of a man and a child who live alone in a dystopian future. The broken relationship between nature and man is symbolized by a greenhouse attached to their house, which supplies their home with fresh air as a closed [&hellip;]\" \/>\n<meta property=\"og:url\" content=\"https:\/\/slowlife.ludwigmuseum.hu\/slow_motion\/oto-hudec-legujabb-munkajarol\/\" \/>\n<meta property=\"og:site_name\" content=\"SLOW LIFE.\" \/>\n<meta property=\"article:published_time\" content=\"2020-04-15T12:52:00+00:00\" \/>\n<meta property=\"article:modified_time\" content=\"2020-10-05T12:49:34+00:00\" \/>\n<meta property=\"og:image\" content=\"https:\/\/slowlife.ludwigmuseum.hu\/wp-content\/uploads\/2020\/04\/Oto-Hudec-We-are-the-garden-2020_01_400x400.jpg\" \/>\n\t<meta property=\"og:image:width\" content=\"400\" \/>\n\t<meta property=\"og:image:height\" content=\"400\" \/>\n\t<meta property=\"og:image:type\" content=\"image\/jpeg\" \/>\n<meta name=\"twitter:card\" content=\"summary_large_image\" \/>\n<meta name=\"twitter:label1\" content=\"Written by\" \/>\n\t<meta name=\"twitter:data1\" content=\"\" \/>\n\t<meta name=\"twitter:label2\" content=\"Est. reading time\" \/>\n\t<meta name=\"twitter:data2\" content=\"3 minutes\" \/>\n<script type=\"application\/ld+json\" class=\"yoast-schema-graph\">{\"@context\":\"https:\/\/schema.org\",\"@graph\":[{\"@type\":\"Article\",\"@id\":\"https:\/\/slowlife.ludwigmuseum.hu\/slow_motion\/oto-hudec-legujabb-munkajarol\/#article\",\"isPartOf\":{\"@id\":\"https:\/\/slowlife.ludwigmuseum.hu\/slow_motion\/oto-hudec-legujabb-munkajarol\/\"},\"author\":{\"name\":\"\",\"@id\":\"\"},\"headline\":\"Oto Hudec&#8217;s reflection on his latest work\",\"datePublished\":\"2020-04-15T12:52:00+00:00\",\"dateModified\":\"2020-10-05T12:49:34+00:00\",\"mainEntityOfPage\":{\"@id\":\"https:\/\/slowlife.ludwigmuseum.hu\/slow_motion\/oto-hudec-legujabb-munkajarol\/\"},\"wordCount\":576,\"commentCount\":0,\"image\":{\"@id\":\"https:\/\/slowlife.ludwigmuseum.hu\/slow_motion\/oto-hudec-legujabb-munkajarol\/#primaryimage\"},\"thumbnailUrl\":\"https:\/\/slowlife.ludwigmuseum.hu\/wp-content\/uploads\/2020\/04\/Oto-Hudec-We-are-the-garden-2020_01_400x400.jpg\",\"articleSection\":[\"Slow Motion\"],\"inLanguage\":\"en-US\",\"potentialAction\":[{\"@type\":\"CommentAction\",\"name\":\"Comment\",\"target\":[\"https:\/\/slowlife.ludwigmuseum.hu\/slow_motion\/oto-hudec-legujabb-munkajarol\/#respond\"]}]},{\"@type\":\"WebPage\",\"@id\":\"https:\/\/slowlife.ludwigmuseum.hu\/slow_motion\/oto-hudec-legujabb-munkajarol\/\",\"url\":\"https:\/\/slowlife.ludwigmuseum.hu\/slow_motion\/oto-hudec-legujabb-munkajarol\/\",\"name\":\"[:hu]Oto Hudec leg\u00fajabb munk\u00e1j\u00e1r\u00f3l[:en]Oto Hudec's reflection on his latest work[:de]Oto Hudecs Reflexion zu seinem j\u00fcngsten Werk[:] - SLOW LIFE.\",\"isPartOf\":{\"@id\":\"https:\/\/slowlife.ludwigmuseum.hu\/de\/#website\"},\"primaryImageOfPage\":{\"@id\":\"https:\/\/slowlife.ludwigmuseum.hu\/slow_motion\/oto-hudec-legujabb-munkajarol\/#primaryimage\"},\"image\":{\"@id\":\"https:\/\/slowlife.ludwigmuseum.hu\/slow_motion\/oto-hudec-legujabb-munkajarol\/#primaryimage\"},\"thumbnailUrl\":\"https:\/\/slowlife.ludwigmuseum.hu\/wp-content\/uploads\/2020\/04\/Oto-Hudec-We-are-the-garden-2020_01_400x400.jpg\",\"datePublished\":\"2020-04-15T12:52:00+00:00\",\"dateModified\":\"2020-10-05T12:49:34+00:00\",\"author\":{\"@id\":\"\"},\"breadcrumb\":{\"@id\":\"https:\/\/slowlife.ludwigmuseum.hu\/slow_motion\/oto-hudec-legujabb-munkajarol\/#breadcrumb\"},\"inLanguage\":\"en-US\",\"potentialAction\":[{\"@type\":\"ReadAction\",\"target\":[\"https:\/\/slowlife.ludwigmuseum.hu\/slow_motion\/oto-hudec-legujabb-munkajarol\/\"]}]},{\"@type\":\"ImageObject\",\"inLanguage\":\"en-US\",\"@id\":\"https:\/\/slowlife.ludwigmuseum.hu\/slow_motion\/oto-hudec-legujabb-munkajarol\/#primaryimage\",\"url\":\"https:\/\/slowlife.ludwigmuseum.hu\/wp-content\/uploads\/2020\/04\/Oto-Hudec-We-are-the-garden-2020_01_400x400.jpg\",\"contentUrl\":\"https:\/\/slowlife.ludwigmuseum.hu\/wp-content\/uploads\/2020\/04\/Oto-Hudec-We-are-the-garden-2020_01_400x400.jpg\",\"width\":400,\"height\":400},{\"@type\":\"BreadcrumbList\",\"@id\":\"https:\/\/slowlife.ludwigmuseum.hu\/slow_motion\/oto-hudec-legujabb-munkajarol\/#breadcrumb\",\"itemListElement\":[{\"@type\":\"ListItem\",\"position\":1,\"name\":\"Home\",\"item\":\"https:\/\/slowlife.ludwigmuseum.hu\/de\/\"},{\"@type\":\"ListItem\",\"position\":2,\"name\":\"Oto Hudec leg\u00fajabb munk\u00e1j\u00e1r\u00f3l\"}]},{\"@type\":\"WebSite\",\"@id\":\"https:\/\/slowlife.ludwigmuseum.hu\/de\/#website\",\"url\":\"https:\/\/slowlife.ludwigmuseum.hu\/de\/\",\"name\":\"SLOW LIFE.\",\"description\":\"Radical Practices of the Everyday\",\"potentialAction\":[{\"@type\":\"SearchAction\",\"target\":{\"@type\":\"EntryPoint\",\"urlTemplate\":\"https:\/\/slowlife.ludwigmuseum.hu\/de\/?s={search_term_string}\"},\"query-input\":{\"@type\":\"PropertyValueSpecification\",\"valueRequired\":true,\"valueName\":\"search_term_string\"}}],\"inLanguage\":\"en-US\"},{\"@type\":\"Person\",\"@id\":\"\",\"url\":\"https:\/\/slowlife.ludwigmuseum.hu\/en\/author\/\"}]}<\/script>\n<!-- \/ Yoast SEO plugin. -->","yoast_head_json":{"title":"[:hu]Oto Hudec leg\u00fajabb munk\u00e1j\u00e1r\u00f3l[:en]Oto Hudec's reflection on his latest work[:de]Oto Hudecs Reflexion zu seinem j\u00fcngsten Werk[:] - SLOW LIFE.","robots":{"index":"index","follow":"follow","max-snippet":"max-snippet:-1","max-image-preview":"max-image-preview:large","max-video-preview":"max-video-preview:-1"},"canonical":"https:\/\/slowlife.ludwigmuseum.hu\/slow_motion\/oto-hudec-legujabb-munkajarol\/","og_locale":"en_US","og_type":"article","og_title":"[:hu]Oto Hudec leg\u00fajabb munk\u00e1j\u00e1r\u00f3l[:en]Oto Hudec's reflection on his latest work[:de]Oto Hudecs Reflexion zu seinem j\u00fcngsten Werk[:] - SLOW LIFE.","og_description":"In his latest work entitled We are the Garden, Slovak artist Oto Hudec tells the story of a man and a child who live alone in a dystopian future. The broken relationship between nature and man is symbolized by a greenhouse attached to their house, which supplies their home with fresh air as a closed [&hellip;]","og_url":"https:\/\/slowlife.ludwigmuseum.hu\/slow_motion\/oto-hudec-legujabb-munkajarol\/","og_site_name":"SLOW LIFE.","article_published_time":"2020-04-15T12:52:00+00:00","article_modified_time":"2020-10-05T12:49:34+00:00","og_image":[{"width":400,"height":400,"url":"https:\/\/slowlife.ludwigmuseum.hu\/wp-content\/uploads\/2020\/04\/Oto-Hudec-We-are-the-garden-2020_01_400x400.jpg","type":"image\/jpeg"}],"twitter_card":"summary_large_image","twitter_misc":{"Written by":"","Est. reading time":"3 minutes"},"schema":{"@context":"https:\/\/schema.org","@graph":[{"@type":"Article","@id":"https:\/\/slowlife.ludwigmuseum.hu\/slow_motion\/oto-hudec-legujabb-munkajarol\/#article","isPartOf":{"@id":"https:\/\/slowlife.ludwigmuseum.hu\/slow_motion\/oto-hudec-legujabb-munkajarol\/"},"author":{"name":"","@id":""},"headline":"Oto Hudec&#8217;s reflection on his latest work","datePublished":"2020-04-15T12:52:00+00:00","dateModified":"2020-10-05T12:49:34+00:00","mainEntityOfPage":{"@id":"https:\/\/slowlife.ludwigmuseum.hu\/slow_motion\/oto-hudec-legujabb-munkajarol\/"},"wordCount":576,"commentCount":0,"image":{"@id":"https:\/\/slowlife.ludwigmuseum.hu\/slow_motion\/oto-hudec-legujabb-munkajarol\/#primaryimage"},"thumbnailUrl":"https:\/\/slowlife.ludwigmuseum.hu\/wp-content\/uploads\/2020\/04\/Oto-Hudec-We-are-the-garden-2020_01_400x400.jpg","articleSection":["Slow Motion"],"inLanguage":"en-US","potentialAction":[{"@type":"CommentAction","name":"Comment","target":["https:\/\/slowlife.ludwigmuseum.hu\/slow_motion\/oto-hudec-legujabb-munkajarol\/#respond"]}]},{"@type":"WebPage","@id":"https:\/\/slowlife.ludwigmuseum.hu\/slow_motion\/oto-hudec-legujabb-munkajarol\/","url":"https:\/\/slowlife.ludwigmuseum.hu\/slow_motion\/oto-hudec-legujabb-munkajarol\/","name":"[:hu]Oto Hudec leg\u00fajabb munk\u00e1j\u00e1r\u00f3l[:en]Oto Hudec's reflection on his latest work[:de]Oto Hudecs Reflexion zu seinem j\u00fcngsten Werk[:] - SLOW LIFE.","isPartOf":{"@id":"https:\/\/slowlife.ludwigmuseum.hu\/de\/#website"},"primaryImageOfPage":{"@id":"https:\/\/slowlife.ludwigmuseum.hu\/slow_motion\/oto-hudec-legujabb-munkajarol\/#primaryimage"},"image":{"@id":"https:\/\/slowlife.ludwigmuseum.hu\/slow_motion\/oto-hudec-legujabb-munkajarol\/#primaryimage"},"thumbnailUrl":"https:\/\/slowlife.ludwigmuseum.hu\/wp-content\/uploads\/2020\/04\/Oto-Hudec-We-are-the-garden-2020_01_400x400.jpg","datePublished":"2020-04-15T12:52:00+00:00","dateModified":"2020-10-05T12:49:34+00:00","author":{"@id":""},"breadcrumb":{"@id":"https:\/\/slowlife.ludwigmuseum.hu\/slow_motion\/oto-hudec-legujabb-munkajarol\/#breadcrumb"},"inLanguage":"en-US","potentialAction":[{"@type":"ReadAction","target":["https:\/\/slowlife.ludwigmuseum.hu\/slow_motion\/oto-hudec-legujabb-munkajarol\/"]}]},{"@type":"ImageObject","inLanguage":"en-US","@id":"https:\/\/slowlife.ludwigmuseum.hu\/slow_motion\/oto-hudec-legujabb-munkajarol\/#primaryimage","url":"https:\/\/slowlife.ludwigmuseum.hu\/wp-content\/uploads\/2020\/04\/Oto-Hudec-We-are-the-garden-2020_01_400x400.jpg","contentUrl":"https:\/\/slowlife.ludwigmuseum.hu\/wp-content\/uploads\/2020\/04\/Oto-Hudec-We-are-the-garden-2020_01_400x400.jpg","width":400,"height":400},{"@type":"BreadcrumbList","@id":"https:\/\/slowlife.ludwigmuseum.hu\/slow_motion\/oto-hudec-legujabb-munkajarol\/#breadcrumb","itemListElement":[{"@type":"ListItem","position":1,"name":"Home","item":"https:\/\/slowlife.ludwigmuseum.hu\/de\/"},{"@type":"ListItem","position":2,"name":"Oto Hudec leg\u00fajabb munk\u00e1j\u00e1r\u00f3l"}]},{"@type":"WebSite","@id":"https:\/\/slowlife.ludwigmuseum.hu\/de\/#website","url":"https:\/\/slowlife.ludwigmuseum.hu\/de\/","name":"SLOW LIFE.","description":"Radical Practices of the Everyday","potentialAction":[{"@type":"SearchAction","target":{"@type":"EntryPoint","urlTemplate":"https:\/\/slowlife.ludwigmuseum.hu\/de\/?s={search_term_string}"},"query-input":{"@type":"PropertyValueSpecification","valueRequired":true,"valueName":"search_term_string"}}],"inLanguage":"en-US"},{"@type":"Person","@id":"","url":"https:\/\/slowlife.ludwigmuseum.hu\/en\/author\/"}]}},"_links":{"self":[{"href":"https:\/\/slowlife.ludwigmuseum.hu\/en\/wp-json\/wp\/v2\/posts\/796","targetHints":{"allow":["GET"]}}],"collection":[{"href":"https:\/\/slowlife.ludwigmuseum.hu\/en\/wp-json\/wp\/v2\/posts"}],"about":[{"href":"https:\/\/slowlife.ludwigmuseum.hu\/en\/wp-json\/wp\/v2\/types\/post"}],"author":[{"embeddable":true,"href":"https:\/\/slowlife.ludwigmuseum.hu\/en\/wp-json\/wp\/v2\/users\/3"}],"replies":[{"embeddable":true,"href":"https:\/\/slowlife.ludwigmuseum.hu\/en\/wp-json\/wp\/v2\/comments?post=796"}],"version-history":[{"count":13,"href":"https:\/\/slowlife.ludwigmuseum.hu\/en\/wp-json\/wp\/v2\/posts\/796\/revisions"}],"predecessor-version":[{"id":1292,"href":"https:\/\/slowlife.ludwigmuseum.hu\/en\/wp-json\/wp\/v2\/posts\/796\/revisions\/1292"}],"wp:featuredmedia":[{"embeddable":true,"href":"https:\/\/slowlife.ludwigmuseum.hu\/en\/wp-json\/wp\/v2\/media\/463"}],"wp:attachment":[{"href":"https:\/\/slowlife.ludwigmuseum.hu\/en\/wp-json\/wp\/v2\/media?parent=796"}],"wp:term":[{"taxonomy":"category","embeddable":true,"href":"https:\/\/slowlife.ludwigmuseum.hu\/en\/wp-json\/wp\/v2\/categories?post=796"},{"taxonomy":"post_tag","embeddable":true,"href":"https:\/\/slowlife.ludwigmuseum.hu\/en\/wp-json\/wp\/v2\/tags?post=796"}],"curies":[{"name":"wp","href":"https:\/\/api.w.org\/{rel}","templated":true}]}}