{"id":978,"date":"2020-05-21T19:05:11","date_gmt":"2020-05-21T19:05:11","guid":{"rendered":"http:\/\/slowlife.ludwigmuseum.hu\/?p=978"},"modified":"2021-07-29T10:36:00","modified_gmt":"2021-07-29T10:36:00","slug":"a-munka-nelkul-toltott-ido-faradsagos-munkaval-keszult-kaszas-tamas-legujabb-vandalizalt-aldo-leopold-padja","status":"publish","type":"post","link":"https:\/\/slowlife.ludwigmuseum.hu\/en\/slow_motion\/a-munka-nelkul-toltott-ido-faradsagos-munkaval-keszult-kaszas-tamas-legujabb-vandalizalt-aldo-leopold-padja\/","title":{"rendered":"(Magyar) A munka n\u00e9lk\u00fcl t\u00f6lt\u00f6tt id\u0151 \u2013 \u00cdgy k\u00e9sz\u00fclt Kasz\u00e1s Tam\u00e1s Aldo Leopold-padj\u00e1nak felirata"},"content":{"rendered":"<p><a href=\"http:\/\/slowlife.ludwigmuseum.hu\/artist\/kaszas-tamas\/\">Kasz\u00e1s Tam\u00e1s<\/a> <em>Vandaliz\u00e1lt Aldo Leopold\u2013pad III. <\/em>c\u00edm\u0171 m\u0171v\u00e9nek rong\u00e1l\u00e1si folyamat\u00e1t k\u00f6vethetj\u00fck nyomon az al\u00e1bbi vide\u00f3ban. A m\u0171v\u00e9sz saj\u00e1t k\u00e9sz\u00edt\u00e9s\u0171 padj\u00e1nak h\u00e1tt\u00e1ml\u00e1j\u00e1ra lass\u00fa, f\u00e1rads\u00e1gos munk\u00e1val az iskol\u00e1sok \u201evand\u00e1l\u201d m\u00f3dszer\u00e9t alkalmazva a k\u00f6vetkez\u0151 feliratot \u00e9geti napf\u00e9nnyel a f\u00e1ba: <em>A munka n\u00e9lk\u00fcl t\u00f6lt\u00f6tt id\u0151<\/em>.<br \/>\nA pad n\u00e9vad\u00f3ja, Aldo Leopold amerikai \u00f6kol\u00f3gus, erd\u0151gazd\u00e1lkod\u00f3, az els\u0151k k\u00f6z\u00f6tt harcolt a term\u00e9szetes vadon meg\u0151rz\u00e9s\u00e9\u00e9rt, k\u00f6rnyezet\u00fcnk tisztelet\u00e9\u00e9rt \u00e9s v\u00e9delm\u00e9\u00e9rt, m\u0171veiben pedig hangs\u00falyozta a term\u00e9szetben t\u00f6lt\u00f6tt id\u0151 fontoss\u00e1g\u00e1t \u00e9s j\u00f3t\u00e9kony hat\u00e1s\u00e1t. Az \u00e1ltala tervezett (\u00e9s kivitelezett) pad mint\u00e1j\u00e1ra az\u00f3ta is vil\u00e1gszerte k\u00e9sz\u00fclnek hasonm\u00e1sok, melyek az ember \u00e9s term\u00e9szet harm\u00f3nikus kapcsolat\u00e1t h\u00edrdetik.<br \/>\nKasz\u00e1s kor\u00e1bbi m\u0171vein m\u00e1r tal\u00e1lkozhattunk hasonl\u00f3 tartalm\u00fa felsz\u00f3l\u00edt\u00e1sokkal \u2013 NEVER WORK, CON\/TEMP\/LATIO, DO NOTHING MAN \u2013 ezek a kisaj\u00e1t\u00edtott, vagy szabadon id\u00e9zett mondatok (Aldo Leopoldt\u00f3l, David Thoreau-t\u00f3l \u00e9s m\u00e1sokt\u00f3l) mind az elm\u00e9ly\u00fcl\u00e9s, lelassul\u00e1s fontoss\u00e1g\u00e1ra igyekeztek r\u00e1vil\u00e1g\u00edtani. Ez az ellentmond\u00e1sokkal teli leg\u00fajabb \u00fczenet a munka term\u00e9szet\u00e9nek vizsg\u00e1lat\u00e1ra \u00f6szt\u00f6n\u00f6z, r\u00e1k\u00e9rdez a hozz\u00e1 val\u00f3 viszonyunkra \u00e9s megk\u00e9rd\u0151jelezi az ir\u00e1ny\u00e1ba tan\u00fas\u00edtott t\u00e1rsadalmi elv\u00e1r\u00e1sok l\u00e9tjogosults\u00e1g\u00e1t is. Mindek\u00f6zben a pad maga pedig t\u00f6k\u00e9letes helysz\u00ednt biztos\u00edt az elm\u00e9ly\u00fclt gondolkod\u00e1shoz.<\/p>\n<p><iframe loading=\"lazy\" title=\"Vandalizing an Aldo Leopold bench\" src=\"https:\/\/player.vimeo.com\/video\/420298992?dnt=1&amp;app_id=122963\" width=\"580\" height=\"326\" frameborder=\"0\" allow=\"autoplay; fullscreen; picture-in-picture; clipboard-write\"><\/iframe><\/p>\n<p><figure id=\"attachment_986\" aria-describedby=\"caption-attachment-986\" style=\"width: 2420px\" class=\"wp-caption aligncenter\"><img loading=\"lazy\" decoding=\"async\" class=\"size-full wp-image-986\" src=\"http:\/\/slowlife.ludwigmuseum.hu\/wp-content\/uploads\/2020\/05\/pad_munka-n\u00e9lk\u00fcl-t\u00f6lt\u00f6tt-id\u0151.jpg\" alt=\"\" width=\"2420\" height=\"1600\" srcset=\"https:\/\/slowlife.ludwigmuseum.hu\/wp-content\/uploads\/2020\/05\/pad_munka-n\u00e9lk\u00fcl-t\u00f6lt\u00f6tt-id\u0151.jpg 2420w, https:\/\/slowlife.ludwigmuseum.hu\/wp-content\/uploads\/2020\/05\/pad_munka-n\u00e9lk\u00fcl-t\u00f6lt\u00f6tt-id\u0151-800x529.jpg 800w, https:\/\/slowlife.ludwigmuseum.hu\/wp-content\/uploads\/2020\/05\/pad_munka-n\u00e9lk\u00fcl-t\u00f6lt\u00f6tt-id\u0151-1250x826.jpg 1250w, https:\/\/slowlife.ludwigmuseum.hu\/wp-content\/uploads\/2020\/05\/pad_munka-n\u00e9lk\u00fcl-t\u00f6lt\u00f6tt-id\u0151-768x508.jpg 768w, https:\/\/slowlife.ludwigmuseum.hu\/wp-content\/uploads\/2020\/05\/pad_munka-n\u00e9lk\u00fcl-t\u00f6lt\u00f6tt-id\u0151-1536x1016.jpg 1536w, https:\/\/slowlife.ludwigmuseum.hu\/wp-content\/uploads\/2020\/05\/pad_munka-n\u00e9lk\u00fcl-t\u00f6lt\u00f6tt-id\u0151-2048x1354.jpg 2048w, https:\/\/slowlife.ludwigmuseum.hu\/wp-content\/uploads\/2020\/05\/pad_munka-n\u00e9lk\u00fcl-t\u00f6lt\u00f6tt-id\u0151-1200x793.jpg 1200w, https:\/\/slowlife.ludwigmuseum.hu\/wp-content\/uploads\/2020\/05\/pad_munka-n\u00e9lk\u00fcl-t\u00f6lt\u00f6tt-id\u0151-1980x1309.jpg 1980w\" sizes=\"auto, (max-width: 2420px) 100vw, 2420px\" \/><figcaption id=\"caption-attachment-986\" class=\"wp-caption-text\">Kasz\u00e1s Tam\u00e1s: Vandaliz\u00e1lt Aldo Leopold-pad III., 2020, fa, 70x50x60 cm, A m\u0171v\u00e9sz \u00e9s a Kisterem Gal\u00e9ria j\u00f3volt\u00e1b\u00f3l.<\/figcaption><\/figure><\/p>","protected":false},"excerpt":{"rendered":"<p>Sorry, this entry is only available in Magyar.<\/p>\n","protected":false},"author":5,"featured_media":989,"comment_status":"open","ping_status":"open","sticky":false,"template":"","format":"standard","meta":{"footnotes":""},"categories":[11],"tags":[],"class_list":["post-978","post","type-post","status-publish","format-standard","has-post-thumbnail","hentry","category-slow_motion"],"yoast_head":"<!-- This site is optimized with the Yoast SEO plugin v27.2 - https:\/\/yoast.com\/product\/yoast-seo-wordpress\/ -->\n<title><\/title>\n<meta name=\"robots\" content=\"index, follow, max-snippet:-1, max-image-preview:large, max-video-preview:-1\" \/>\n<link rel=\"canonical\" href=\"https:\/\/slowlife.ludwigmuseum.hu\/slow_motion\/a-munka-nelkul-toltott-ido-faradsagos-munkaval-keszult-kaszas-tamas-legujabb-vandalizalt-aldo-leopold-padja\/\" \/>\n<meta property=\"og:locale\" content=\"en_US\" \/>\n<meta property=\"og:type\" content=\"article\" \/>\n<meta property=\"og:title\" content=\"[:hu]A munka n\u00e9lk\u00fcl t\u00f6lt\u00f6tt id\u0151 \u2013 \u00cdgy k\u00e9sz\u00fclt Kasz\u00e1s Tam\u00e1s Aldo Leopold-padj\u00e1nak felirata[:de]\u201eA munka n\u00e9lk\u00fcl t\u00f6lt\u00f6tt id\u0151\u201c (Zeit ohne Arbeit) \u2013 So wurde von Tam\u00e1s Kasz\u00e1s die Aldo Leopold Bank beschrieben.[:] - SLOW LIFE.\" \/>\n<meta property=\"og:description\" content=\"Sorry, this entry is only available in Magyar.\" \/>\n<meta property=\"og:url\" content=\"https:\/\/slowlife.ludwigmuseum.hu\/slow_motion\/a-munka-nelkul-toltott-ido-faradsagos-munkaval-keszult-kaszas-tamas-legujabb-vandalizalt-aldo-leopold-padja\/\" \/>\n<meta property=\"og:site_name\" content=\"SLOW LIFE.\" \/>\n<meta property=\"article:published_time\" content=\"2020-05-21T19:05:11+00:00\" \/>\n<meta property=\"article:modified_time\" content=\"2021-07-29T10:36:00+00:00\" \/>\n<meta property=\"og:image\" content=\"https:\/\/slowlife.ludwigmuseum.hu\/wp-content\/uploads\/2020\/05\/pad_pir\u00f3z\u00e1s-diavet\u00edt\u0151lencs\u00e9vel.jpg\" \/>\n\t<meta property=\"og:image:width\" content=\"1355\" \/>\n\t<meta property=\"og:image:height\" content=\"754\" \/>\n\t<meta property=\"og:image:type\" content=\"image\/jpeg\" \/>\n<meta name=\"twitter:card\" content=\"summary_large_image\" \/>\n<meta name=\"twitter:label1\" content=\"Written by\" \/>\n\t<meta name=\"twitter:data1\" content=\"\" \/>\n\t<meta name=\"twitter:label2\" content=\"Est. reading time\" \/>\n\t<meta name=\"twitter:data2\" content=\"4 minutes\" \/>\n<script type=\"application\/ld+json\" class=\"yoast-schema-graph\">{\"@context\":\"https:\/\/schema.org\",\"@graph\":[{\"@type\":\"Article\",\"@id\":\"https:\/\/slowlife.ludwigmuseum.hu\/slow_motion\/a-munka-nelkul-toltott-ido-faradsagos-munkaval-keszult-kaszas-tamas-legujabb-vandalizalt-aldo-leopold-padja\/#article\",\"isPartOf\":{\"@id\":\"https:\/\/slowlife.ludwigmuseum.hu\/slow_motion\/a-munka-nelkul-toltott-ido-faradsagos-munkaval-keszult-kaszas-tamas-legujabb-vandalizalt-aldo-leopold-padja\/\"},\"author\":{\"name\":\"\",\"@id\":\"\"},\"headline\":\"(Magyar) A munka n\u00e9lk\u00fcl t\u00f6lt\u00f6tt id\u0151 \u2013 \u00cdgy k\u00e9sz\u00fclt Kasz\u00e1s Tam\u00e1s Aldo Leopold-padj\u00e1nak felirata\",\"datePublished\":\"2020-05-21T19:05:11+00:00\",\"dateModified\":\"2021-07-29T10:36:00+00:00\",\"mainEntityOfPage\":{\"@id\":\"https:\/\/slowlife.ludwigmuseum.hu\/slow_motion\/a-munka-nelkul-toltott-ido-faradsagos-munkaval-keszult-kaszas-tamas-legujabb-vandalizalt-aldo-leopold-padja\/\"},\"wordCount\":941,\"commentCount\":0,\"image\":{\"@id\":\"https:\/\/slowlife.ludwigmuseum.hu\/slow_motion\/a-munka-nelkul-toltott-ido-faradsagos-munkaval-keszult-kaszas-tamas-legujabb-vandalizalt-aldo-leopold-padja\/#primaryimage\"},\"thumbnailUrl\":\"https:\/\/slowlife.ludwigmuseum.hu\/wp-content\/uploads\/2020\/05\/pad_pir\u00f3z\u00e1s-diavet\u00edt\u0151lencs\u00e9vel.jpg\",\"articleSection\":[\"Slow Motion\"],\"inLanguage\":\"en-US\",\"potentialAction\":[{\"@type\":\"CommentAction\",\"name\":\"Comment\",\"target\":[\"https:\/\/slowlife.ludwigmuseum.hu\/slow_motion\/a-munka-nelkul-toltott-ido-faradsagos-munkaval-keszult-kaszas-tamas-legujabb-vandalizalt-aldo-leopold-padja\/#respond\"]}]},{\"@type\":\"WebPage\",\"@id\":\"https:\/\/slowlife.ludwigmuseum.hu\/slow_motion\/a-munka-nelkul-toltott-ido-faradsagos-munkaval-keszult-kaszas-tamas-legujabb-vandalizalt-aldo-leopold-padja\/\",\"url\":\"https:\/\/slowlife.ludwigmuseum.hu\/slow_motion\/a-munka-nelkul-toltott-ido-faradsagos-munkaval-keszult-kaszas-tamas-legujabb-vandalizalt-aldo-leopold-padja\/\",\"name\":\"[:hu]A munka n\u00e9lk\u00fcl t\u00f6lt\u00f6tt id\u0151 \u2013 \u00cdgy k\u00e9sz\u00fclt Kasz\u00e1s Tam\u00e1s Aldo Leopold-padj\u00e1nak felirata[:de]\u201eA munka n\u00e9lk\u00fcl t\u00f6lt\u00f6tt id\u0151\u201c (Zeit ohne Arbeit) \u2013 So wurde von Tam\u00e1s Kasz\u00e1s die Aldo Leopold Bank beschrieben.[:] - SLOW LIFE.\",\"isPartOf\":{\"@id\":\"https:\/\/slowlife.ludwigmuseum.hu\/de\/#website\"},\"primaryImageOfPage\":{\"@id\":\"https:\/\/slowlife.ludwigmuseum.hu\/slow_motion\/a-munka-nelkul-toltott-ido-faradsagos-munkaval-keszult-kaszas-tamas-legujabb-vandalizalt-aldo-leopold-padja\/#primaryimage\"},\"image\":{\"@id\":\"https:\/\/slowlife.ludwigmuseum.hu\/slow_motion\/a-munka-nelkul-toltott-ido-faradsagos-munkaval-keszult-kaszas-tamas-legujabb-vandalizalt-aldo-leopold-padja\/#primaryimage\"},\"thumbnailUrl\":\"https:\/\/slowlife.ludwigmuseum.hu\/wp-content\/uploads\/2020\/05\/pad_pir\u00f3z\u00e1s-diavet\u00edt\u0151lencs\u00e9vel.jpg\",\"datePublished\":\"2020-05-21T19:05:11+00:00\",\"dateModified\":\"2021-07-29T10:36:00+00:00\",\"author\":{\"@id\":\"\"},\"breadcrumb\":{\"@id\":\"https:\/\/slowlife.ludwigmuseum.hu\/slow_motion\/a-munka-nelkul-toltott-ido-faradsagos-munkaval-keszult-kaszas-tamas-legujabb-vandalizalt-aldo-leopold-padja\/#breadcrumb\"},\"inLanguage\":\"en-US\",\"potentialAction\":[{\"@type\":\"ReadAction\",\"target\":[\"https:\/\/slowlife.ludwigmuseum.hu\/slow_motion\/a-munka-nelkul-toltott-ido-faradsagos-munkaval-keszult-kaszas-tamas-legujabb-vandalizalt-aldo-leopold-padja\/\"]}]},{\"@type\":\"ImageObject\",\"inLanguage\":\"en-US\",\"@id\":\"https:\/\/slowlife.ludwigmuseum.hu\/slow_motion\/a-munka-nelkul-toltott-ido-faradsagos-munkaval-keszult-kaszas-tamas-legujabb-vandalizalt-aldo-leopold-padja\/#primaryimage\",\"url\":\"https:\/\/slowlife.ludwigmuseum.hu\/wp-content\/uploads\/2020\/05\/pad_pir\u00f3z\u00e1s-diavet\u00edt\u0151lencs\u00e9vel.jpg\",\"contentUrl\":\"https:\/\/slowlife.ludwigmuseum.hu\/wp-content\/uploads\/2020\/05\/pad_pir\u00f3z\u00e1s-diavet\u00edt\u0151lencs\u00e9vel.jpg\",\"width\":1355,\"height\":754},{\"@type\":\"BreadcrumbList\",\"@id\":\"https:\/\/slowlife.ludwigmuseum.hu\/slow_motion\/a-munka-nelkul-toltott-ido-faradsagos-munkaval-keszult-kaszas-tamas-legujabb-vandalizalt-aldo-leopold-padja\/#breadcrumb\",\"itemListElement\":[{\"@type\":\"ListItem\",\"position\":1,\"name\":\"Home\",\"item\":\"https:\/\/slowlife.ludwigmuseum.hu\/de\/\"},{\"@type\":\"ListItem\",\"position\":2,\"name\":\"A munka n\u00e9lk\u00fcl t\u00f6lt\u00f6tt id\u0151 \u2013 \u00cdgy k\u00e9sz\u00fclt Kasz\u00e1s Tam\u00e1s Aldo Leopold-padj\u00e1nak felirata\"}]},{\"@type\":\"WebSite\",\"@id\":\"https:\/\/slowlife.ludwigmuseum.hu\/de\/#website\",\"url\":\"https:\/\/slowlife.ludwigmuseum.hu\/de\/\",\"name\":\"SLOW LIFE.\",\"description\":\"Radical Practices of the Everyday\",\"potentialAction\":[{\"@type\":\"SearchAction\",\"target\":{\"@type\":\"EntryPoint\",\"urlTemplate\":\"https:\/\/slowlife.ludwigmuseum.hu\/de\/?s={search_term_string}\"},\"query-input\":{\"@type\":\"PropertyValueSpecification\",\"valueRequired\":true,\"valueName\":\"search_term_string\"}}],\"inLanguage\":\"en-US\"},{\"@type\":\"Person\",\"@id\":\"\",\"url\":\"https:\/\/slowlife.ludwigmuseum.hu\/en\/author\/\"}]}<\/script>\n<!-- \/ Yoast SEO plugin. -->","yoast_head_json":{"title":"[:hu]A munka n\u00e9lk\u00fcl t\u00f6lt\u00f6tt id\u0151 \u2013 \u00cdgy k\u00e9sz\u00fclt Kasz\u00e1s Tam\u00e1s Aldo Leopold-padj\u00e1nak felirata[:de]\u201eA munka n\u00e9lk\u00fcl t\u00f6lt\u00f6tt id\u0151\u201c (Zeit ohne Arbeit) \u2013 So wurde von Tam\u00e1s Kasz\u00e1s die Aldo Leopold Bank beschrieben.[:] - SLOW LIFE.","robots":{"index":"index","follow":"follow","max-snippet":"max-snippet:-1","max-image-preview":"max-image-preview:large","max-video-preview":"max-video-preview:-1"},"canonical":"https:\/\/slowlife.ludwigmuseum.hu\/slow_motion\/a-munka-nelkul-toltott-ido-faradsagos-munkaval-keszult-kaszas-tamas-legujabb-vandalizalt-aldo-leopold-padja\/","og_locale":"en_US","og_type":"article","og_title":"[:hu]A munka n\u00e9lk\u00fcl t\u00f6lt\u00f6tt id\u0151 \u2013 \u00cdgy k\u00e9sz\u00fclt Kasz\u00e1s Tam\u00e1s Aldo Leopold-padj\u00e1nak felirata[:de]\u201eA munka n\u00e9lk\u00fcl t\u00f6lt\u00f6tt id\u0151\u201c (Zeit ohne Arbeit) \u2013 So wurde von Tam\u00e1s Kasz\u00e1s die Aldo Leopold Bank beschrieben.[:] - SLOW LIFE.","og_description":"Sorry, this entry is only available in Magyar.","og_url":"https:\/\/slowlife.ludwigmuseum.hu\/slow_motion\/a-munka-nelkul-toltott-ido-faradsagos-munkaval-keszult-kaszas-tamas-legujabb-vandalizalt-aldo-leopold-padja\/","og_site_name":"SLOW LIFE.","article_published_time":"2020-05-21T19:05:11+00:00","article_modified_time":"2021-07-29T10:36:00+00:00","og_image":[{"width":1355,"height":754,"url":"https:\/\/slowlife.ludwigmuseum.hu\/wp-content\/uploads\/2020\/05\/pad_pir\u00f3z\u00e1s-diavet\u00edt\u0151lencs\u00e9vel.jpg","type":"image\/jpeg"}],"twitter_card":"summary_large_image","twitter_misc":{"Written by":"","Est. reading time":"4 minutes"},"schema":{"@context":"https:\/\/schema.org","@graph":[{"@type":"Article","@id":"https:\/\/slowlife.ludwigmuseum.hu\/slow_motion\/a-munka-nelkul-toltott-ido-faradsagos-munkaval-keszult-kaszas-tamas-legujabb-vandalizalt-aldo-leopold-padja\/#article","isPartOf":{"@id":"https:\/\/slowlife.ludwigmuseum.hu\/slow_motion\/a-munka-nelkul-toltott-ido-faradsagos-munkaval-keszult-kaszas-tamas-legujabb-vandalizalt-aldo-leopold-padja\/"},"author":{"name":"","@id":""},"headline":"(Magyar) A munka n\u00e9lk\u00fcl t\u00f6lt\u00f6tt id\u0151 \u2013 \u00cdgy k\u00e9sz\u00fclt Kasz\u00e1s Tam\u00e1s Aldo Leopold-padj\u00e1nak felirata","datePublished":"2020-05-21T19:05:11+00:00","dateModified":"2021-07-29T10:36:00+00:00","mainEntityOfPage":{"@id":"https:\/\/slowlife.ludwigmuseum.hu\/slow_motion\/a-munka-nelkul-toltott-ido-faradsagos-munkaval-keszult-kaszas-tamas-legujabb-vandalizalt-aldo-leopold-padja\/"},"wordCount":941,"commentCount":0,"image":{"@id":"https:\/\/slowlife.ludwigmuseum.hu\/slow_motion\/a-munka-nelkul-toltott-ido-faradsagos-munkaval-keszult-kaszas-tamas-legujabb-vandalizalt-aldo-leopold-padja\/#primaryimage"},"thumbnailUrl":"https:\/\/slowlife.ludwigmuseum.hu\/wp-content\/uploads\/2020\/05\/pad_pir\u00f3z\u00e1s-diavet\u00edt\u0151lencs\u00e9vel.jpg","articleSection":["Slow Motion"],"inLanguage":"en-US","potentialAction":[{"@type":"CommentAction","name":"Comment","target":["https:\/\/slowlife.ludwigmuseum.hu\/slow_motion\/a-munka-nelkul-toltott-ido-faradsagos-munkaval-keszult-kaszas-tamas-legujabb-vandalizalt-aldo-leopold-padja\/#respond"]}]},{"@type":"WebPage","@id":"https:\/\/slowlife.ludwigmuseum.hu\/slow_motion\/a-munka-nelkul-toltott-ido-faradsagos-munkaval-keszult-kaszas-tamas-legujabb-vandalizalt-aldo-leopold-padja\/","url":"https:\/\/slowlife.ludwigmuseum.hu\/slow_motion\/a-munka-nelkul-toltott-ido-faradsagos-munkaval-keszult-kaszas-tamas-legujabb-vandalizalt-aldo-leopold-padja\/","name":"[:hu]A munka n\u00e9lk\u00fcl t\u00f6lt\u00f6tt id\u0151 \u2013 \u00cdgy k\u00e9sz\u00fclt Kasz\u00e1s Tam\u00e1s Aldo Leopold-padj\u00e1nak felirata[:de]\u201eA munka n\u00e9lk\u00fcl t\u00f6lt\u00f6tt id\u0151\u201c (Zeit ohne Arbeit) \u2013 So wurde von Tam\u00e1s Kasz\u00e1s die Aldo Leopold Bank beschrieben.[:] - SLOW LIFE.","isPartOf":{"@id":"https:\/\/slowlife.ludwigmuseum.hu\/de\/#website"},"primaryImageOfPage":{"@id":"https:\/\/slowlife.ludwigmuseum.hu\/slow_motion\/a-munka-nelkul-toltott-ido-faradsagos-munkaval-keszult-kaszas-tamas-legujabb-vandalizalt-aldo-leopold-padja\/#primaryimage"},"image":{"@id":"https:\/\/slowlife.ludwigmuseum.hu\/slow_motion\/a-munka-nelkul-toltott-ido-faradsagos-munkaval-keszult-kaszas-tamas-legujabb-vandalizalt-aldo-leopold-padja\/#primaryimage"},"thumbnailUrl":"https:\/\/slowlife.ludwigmuseum.hu\/wp-content\/uploads\/2020\/05\/pad_pir\u00f3z\u00e1s-diavet\u00edt\u0151lencs\u00e9vel.jpg","datePublished":"2020-05-21T19:05:11+00:00","dateModified":"2021-07-29T10:36:00+00:00","author":{"@id":""},"breadcrumb":{"@id":"https:\/\/slowlife.ludwigmuseum.hu\/slow_motion\/a-munka-nelkul-toltott-ido-faradsagos-munkaval-keszult-kaszas-tamas-legujabb-vandalizalt-aldo-leopold-padja\/#breadcrumb"},"inLanguage":"en-US","potentialAction":[{"@type":"ReadAction","target":["https:\/\/slowlife.ludwigmuseum.hu\/slow_motion\/a-munka-nelkul-toltott-ido-faradsagos-munkaval-keszult-kaszas-tamas-legujabb-vandalizalt-aldo-leopold-padja\/"]}]},{"@type":"ImageObject","inLanguage":"en-US","@id":"https:\/\/slowlife.ludwigmuseum.hu\/slow_motion\/a-munka-nelkul-toltott-ido-faradsagos-munkaval-keszult-kaszas-tamas-legujabb-vandalizalt-aldo-leopold-padja\/#primaryimage","url":"https:\/\/slowlife.ludwigmuseum.hu\/wp-content\/uploads\/2020\/05\/pad_pir\u00f3z\u00e1s-diavet\u00edt\u0151lencs\u00e9vel.jpg","contentUrl":"https:\/\/slowlife.ludwigmuseum.hu\/wp-content\/uploads\/2020\/05\/pad_pir\u00f3z\u00e1s-diavet\u00edt\u0151lencs\u00e9vel.jpg","width":1355,"height":754},{"@type":"BreadcrumbList","@id":"https:\/\/slowlife.ludwigmuseum.hu\/slow_motion\/a-munka-nelkul-toltott-ido-faradsagos-munkaval-keszult-kaszas-tamas-legujabb-vandalizalt-aldo-leopold-padja\/#breadcrumb","itemListElement":[{"@type":"ListItem","position":1,"name":"Home","item":"https:\/\/slowlife.ludwigmuseum.hu\/de\/"},{"@type":"ListItem","position":2,"name":"A munka n\u00e9lk\u00fcl t\u00f6lt\u00f6tt id\u0151 \u2013 \u00cdgy k\u00e9sz\u00fclt Kasz\u00e1s Tam\u00e1s Aldo Leopold-padj\u00e1nak felirata"}]},{"@type":"WebSite","@id":"https:\/\/slowlife.ludwigmuseum.hu\/de\/#website","url":"https:\/\/slowlife.ludwigmuseum.hu\/de\/","name":"SLOW LIFE.","description":"Radical Practices of the Everyday","potentialAction":[{"@type":"SearchAction","target":{"@type":"EntryPoint","urlTemplate":"https:\/\/slowlife.ludwigmuseum.hu\/de\/?s={search_term_string}"},"query-input":{"@type":"PropertyValueSpecification","valueRequired":true,"valueName":"search_term_string"}}],"inLanguage":"en-US"},{"@type":"Person","@id":"","url":"https:\/\/slowlife.ludwigmuseum.hu\/en\/author\/"}]}},"_links":{"self":[{"href":"https:\/\/slowlife.ludwigmuseum.hu\/en\/wp-json\/wp\/v2\/posts\/978","targetHints":{"allow":["GET"]}}],"collection":[{"href":"https:\/\/slowlife.ludwigmuseum.hu\/en\/wp-json\/wp\/v2\/posts"}],"about":[{"href":"https:\/\/slowlife.ludwigmuseum.hu\/en\/wp-json\/wp\/v2\/types\/post"}],"author":[{"embeddable":true,"href":"https:\/\/slowlife.ludwigmuseum.hu\/en\/wp-json\/wp\/v2\/users\/5"}],"replies":[{"embeddable":true,"href":"https:\/\/slowlife.ludwigmuseum.hu\/en\/wp-json\/wp\/v2\/comments?post=978"}],"version-history":[{"count":14,"href":"https:\/\/slowlife.ludwigmuseum.hu\/en\/wp-json\/wp\/v2\/posts\/978\/revisions"}],"predecessor-version":[{"id":1464,"href":"https:\/\/slowlife.ludwigmuseum.hu\/en\/wp-json\/wp\/v2\/posts\/978\/revisions\/1464"}],"wp:featuredmedia":[{"embeddable":true,"href":"https:\/\/slowlife.ludwigmuseum.hu\/en\/wp-json\/wp\/v2\/media\/989"}],"wp:attachment":[{"href":"https:\/\/slowlife.ludwigmuseum.hu\/en\/wp-json\/wp\/v2\/media?parent=978"}],"wp:term":[{"taxonomy":"category","embeddable":true,"href":"https:\/\/slowlife.ludwigmuseum.hu\/en\/wp-json\/wp\/v2\/categories?post=978"},{"taxonomy":"post_tag","embeddable":true,"href":"https:\/\/slowlife.ludwigmuseum.hu\/en\/wp-json\/wp\/v2\/tags?post=978"}],"curies":[{"name":"wp","href":"https:\/\/api.w.org\/{rel}","templated":true}]}}